{"id":494168,"date":"2026-08-20T17:22:08","date_gmt":"2026-08-20T17:22:08","guid":{"rendered":"https:\/\/www.europesays.com\/pt\/494168\/"},"modified":"2026-08-20T17:22:08","modified_gmt":"2026-08-20T17:22:08","slug":"cafe-o-estado-da-arte-da-ciencia","status":"publish","type":"post","link":"https:\/\/www.europesays.com\/pt\/494168\/","title":{"rendered":"Caf\u00e9, o estado da arte da ci\u00eancia"},"content":{"rendered":"<p>\n                Ler Resumo<\/p>\n<ul class=\"resume-list\" id=\"resume-list\" aria-hidden=\"true\">\n<li class=\"section-item section-intro\">\n<p>Introdu\u00e7\u00e3o<\/p>\n<p>A ci\u00eancia desvendou o impacto do caf\u00e9 na sa\u00fade. Estudos recentes mostram que a bebida, consumida com modera\u00e7\u00e3o, pode ser uma aliada para o cora\u00e7\u00e3o, c\u00e9rebro e, principalmente, f\u00edgado. A antiga desconfian\u00e7a sobre sua rela\u00e7\u00e3o com o c\u00e2ncer foi revisada, com evid\u00eancias apontando para um papel protetor.<\/p>\n<\/li>\n<li class=\"section-item section-topicos\">\n<ul>\n<li>O caf\u00e9 e seu veredicto em rela\u00e7\u00e3o ao c\u00e2ncer.<\/li>\n<li>Efeitos da bebida na sa\u00fade cardiovascular.<\/li>\n<li>Impacto do caf\u00e9 no funcionamento cerebral.<\/li>\n<li>O caf\u00e9 como aliado comprovado para o f\u00edgado.<\/li>\n<li>A import\u00e2ncia da modera\u00e7\u00e3o no consumo de caf\u00e9.<\/li>\n<\/ul>\n<\/li>\n<li class=\"section-item section-info\">\n<p style=\"margin: 0;\">Este resumo foi \u00fatil?<\/p>\n<p>\n                            \ud83d\udc4d<br \/>\ud83d\udc4e\n                        <\/p>\n<p>                    Resumo gerado por ferramenta de IA treinada pela reda\u00e7\u00e3o da Editora Abril.\n                <\/p>\n<\/li>\n<\/ul>\n<p>Em julho de 2015, quando era editor desta revista (\u00e0 \u00e9poca, a SA\u00daDE \u00c9 VITAL), recebi a incumb\u00eancia de investigar uma hist\u00f3ria no m\u00ednimo amb\u00edgua: afinal, <a href=\"https:\/\/saude.abril.com.br\/bem-estar\/cafe-x-cancer\/\" target=\"_blank\" rel=\"noopener nofollow\">o caf\u00e9 diminu\u00eda ou aumentava o risco de c\u00e2ncer?<\/a><\/p>\n<p>A resposta n\u00e3o era simples. Partia de uma antiga desconfian\u00e7a de que ele seria \u201cpossivelmente carcinog\u00eanico\u201d, alimentada pela pr\u00f3pria ag\u00eancia de pesquisa da Organiza\u00e7\u00e3o Mundial da Sa\u00fade (OMS). Mas, x\u00edcara ap\u00f3s x\u00edcara, estudo ap\u00f3s estudo, o receio foi desvanecendo. <\/p>\n<p>H\u00e1 11 anos, travei contato com estudos que sugeriam um <strong>papel protetor<\/strong> \u2014 e uma minoria que colocava pontos de aten\u00e7\u00e3o. <\/p>\n<p>Como \u00e9 dif\u00edcil estabelecer rela\u00e7\u00e3o de causa e efeito em an\u00e1lises de nutri\u00e7\u00e3o, a resposta \u00e0quela quest\u00e3o ficava ligeiramente em aberto. Mais de uma d\u00e9cada depois, com a evolu\u00e7\u00e3o cient\u00edfica (e dos m\u00e9todos empregados para descobrir as conex\u00f5es entre h\u00e1bitos e o estado de sa\u00fade), desvendamos muito mais coisas sobre o <a href=\"https:\/\/saude.abril.com.br\/alimentacao\/tipos-de-cafe-entenda-a-diferenca-entre-especial-gourmet-tradicional-e-extraforte-e-se-interfere-na-saude\/\" target=\"_blank\" rel=\"noopener nofollow\">caf\u00e9<\/a>. Inclusive com um veredicto em rela\u00e7\u00e3o ao <a href=\"https:\/\/saude.abril.com.br\/medicina\/o-que-causa-cancer-e-quais-seus-sintomas-e-tratamentos\/\" target=\"_blank\" rel=\"noopener nofollow\">c\u00e2ncer<\/a>.<\/p>\n<p> N\u00e3o s\u00f3: descortinamos <strong>o que ele realmente pode fazer pelo cora\u00e7\u00e3o<\/strong> \u2014 outra pergunta que suscitava preocupa\u00e7\u00e3o tempos atr\u00e1s \u2014, <strong>pelo c\u00e9rebro e at\u00e9 pelo f\u00edgado<\/strong>. E olha que not\u00edcia quentinha para quem aprecia a bebida: ela \u00e9 um dos pouqu\u00edssimos alimentos com grandes evid\u00eancias de ser um aliado hep\u00e1tico. <\/p>\n<p>    Continua ap\u00f3s a publicidade<\/p>\n<p>\u00c9 essa <a href=\"https:\/\/saude.abril.com.br\/alimentacao\/o-melhor-cafe-para-a-sua-saude\/\" target=\"_blank\" rel=\"noopener nofollow\">consagra\u00e7\u00e3o do caf\u00e9<\/a> \u2014 com modera\u00e7\u00e3o, como tudo nessa vida \u2014 que a jornalista Ingrid Luisa apresenta na reportagem de capa desta edi\u00e7\u00e3o. <\/p>\n<p>Ali\u00e1s, ao longo da nossa hist\u00f3ria como ve\u00edculo de imprensa, o gr\u00e3o e a bebida favorita entre os brasileiros estamparam capas e dezenas de outras mat\u00e9rias. <\/p>\n<p>Como<strong> revitalizar o tema<\/strong> tamb\u00e9m do ponto de vista visual? N\u00e3o \u00e9 uma pergunta trivial, uma vez que o design na revista (no site, nas redes sociais ou em qualquer outro lugar) atrai e tamb\u00e9m informa. <\/p>\n<p>    Continua ap\u00f3s a publicidade<\/p>\n<p>Bem, para abordar assuntos que se repetem em roupagens diferentes e criativas, contamos com duas <strong>profissionais fenomenais<\/strong>, Let\u00edcia Raposo e Laura Luduvig. Dupla din\u00e2mica, a primeira concebeu a identidade do nosso conte\u00fado sobre caf\u00e9, e a segunda pensou fora da caixa para transformar em imagens a reportagem sobre <a href=\"https:\/\/saude.abril.com.br\/coluna\/com-a-palavra\/congelamento-de-ovulos-tudo-que-voce-precisa-saber-sobre-o-assunto\/\" target=\"_blank\" rel=\"noopener nofollow\">congelamento de \u00f3vulos<\/a>. <\/p>\n<p>O resultado, viabilizado com o precioso trabalho do fot\u00f3grafo Bruno Mar\u00e7al e da produtora Ina Ramos, voc\u00ea vai conferir na capa e no miolo desta VEJA SA\u00daDE. Esse time conseguiu a proeza de captar um <a href=\"https:\/\/saude.abril.com.br\/alimentacao\/entenda-a-diferenca-entre-cafe-gourmet-e-normal-e-como-isso-afeta-sua-saude\/\" target=\"_blank\" rel=\"noopener nofollow\">gr\u00e3o de caf\u00e9<\/a> em detalhes impressionantes! Porque a gente tamb\u00e9m come e bebe com os olhos. <\/p>\n<p>E, no caso do protagonista da edi\u00e7\u00e3o, isso tamb\u00e9m faz bem \u00e0 mente e ao corpo.\u00a0<\/p>\n<p>    Continua ap\u00f3s a publicidade<\/p>\n<p>Palavra de especialista<\/p>\n<p>\u201cCom tantas mat\u00e9rias sobre caf\u00e9 ao longo dos anos, \u00e9 sempre um desafio para a dire\u00e7\u00e3o de arte: como dar o mesmo tema de forma inovadora e em conformidade com os novos estudos? Acho que desta vez conseguimos mostrar nosso \u2018modelo\u2019 de um jeito nunca visto antes nas p\u00e1ginas da revista, reafirmando seu poder.\u201d<\/p>\n<p>Let\u00edcia Raposo, diretora de arte de VEJA SA\u00daDE<\/p>\n<p>Newsletter<\/p>\n<p>\n                            Receba, toda semana, as reportagens de Veja Sa\u00fade que mais deram o que falar.<br \/>\n                                <strong><br \/>\n                                    Inscreva-se aqui<br \/>\n                                <\/strong>para receber a nossa newsletter<\/p>\n<p>                            Cadastro efetuado com sucesso!<\/p>\n<p>Voc\u00ea receber\u00e1 nossas newsletters em breve.<\/p>\n<p>\t\t    <a class=\"whatsapp-news-single\" href=\"https:\/\/whatsapp.com\/channel\/0029VaAXUgQG3R3lgKOS5n45\" target=\"_blank\" rel=\"nofollow noopener\">Clique aqui para entrar em nosso canal no WhatsApp<\/a><\/p>\n","protected":false},"excerpt":{"rendered":"Ler Resumo Introdu\u00e7\u00e3o A ci\u00eancia desvendou o impacto do caf\u00e9 na sa\u00fade. Estudos recentes mostram que a bebida,&hellip;\n","protected":false},"author":2,"featured_media":494169,"comment_status":"","ping_status":"","sticky":false,"template":"","format":"standard","meta":{"footnotes":"","_share_on_mastodon":"0"},"categories":[86],"tags":[2369,2373,116,32,33,117],"class_list":["post-494168","post","type-post","status-publish","format-standard","has-post-thumbnail","category-saude","tag-alimentacao","tag-cafe","tag-health","tag-portugal","tag-pt","tag-saude"],"share_on_mastodon":{"url":"https:\/\/pubeurope.com\/@pt\/117128996224251251","error":""},"_links":{"self":[{"href":"https:\/\/www.europesays.com\/pt\/wp-json\/wp\/v2\/posts\/494168","targetHints":{"allow":["GET"]}}],"collection":[{"href":"https:\/\/www.europesays.com\/pt\/wp-json\/wp\/v2\/posts"}],"about":[{"href":"https:\/\/www.europesays.com\/pt\/wp-json\/wp\/v2\/types\/post"}],"author":[{"embeddable":true,"href":"https:\/\/www.europesays.com\/pt\/wp-json\/wp\/v2\/users\/2"}],"replies":[{"embeddable":true,"href":"https:\/\/www.europesays.com\/pt\/wp-json\/wp\/v2\/comments?post=494168"}],"version-history":[{"count":0,"href":"https:\/\/www.europesays.com\/pt\/wp-json\/wp\/v2\/posts\/494168\/revisions"}],"wp:featuredmedia":[{"embeddable":true,"href":"https:\/\/www.europesays.com\/pt\/wp-json\/wp\/v2\/media\/494169"}],"wp:attachment":[{"href":"https:\/\/www.europesays.com\/pt\/wp-json\/wp\/v2\/media?parent=494168"}],"wp:term":[{"taxonomy":"category","embeddable":true,"href":"https:\/\/www.europesays.com\/pt\/wp-json\/wp\/v2\/categories?post=494168"},{"taxonomy":"post_tag","embeddable":true,"href":"https:\/\/www.europesays.com\/pt\/wp-json\/wp\/v2\/tags?post=494168"}],"curies":[{"name":"wp","href":"https:\/\/api.w.org\/{rel}","templated":true}]}}