{"id":494224,"date":"2026-08-20T18:13:16","date_gmt":"2026-08-20T18:13:16","guid":{"rendered":"https:\/\/www.europesays.com\/pt\/494224\/"},"modified":"2026-08-20T18:13:16","modified_gmt":"2026-08-20T18:13:16","slug":"incendio-destroi-sede-do-chega-em-evora-partido-fala-em-circunstancias-estranhas-e-exige-esclarecimento-rigoroso","status":"publish","type":"post","link":"https:\/\/www.europesays.com\/pt\/494224\/","title":{"rendered":"Inc\u00eandio destr\u00f3i sede do Chega em \u00c9vora: partido fala em \u201ccircunst\u00e2ncias estranhas\u201d e exige esclarecimento rigoroso"},"content":{"rendered":"<p><strong>A dire\u00e7\u00e3o nacional do Chega quer o &#8220;esclarecimento r\u00e1pido e rigoroso&#8221; das causas do inc\u00eandio que destruiu a sede do partido em \u00c9vora, na tarde desta quarta-feira (19 de agosto), considerando haver &#8220;circunst\u00e2ncias particularmente estranhas&#8221; na ocorr\u00eancia, que n\u00e3o provocou feridos.<\/strong> E anunciou que se constituir\u00e1 assistente no inqu\u00e9rito, apesar de sublinhar &#8220;que n\u00e3o existem, at\u00e9 agora, provas que permitam concluir que o inc\u00eandio teve origem criminosa&#8221; e que n\u00e3o &#8220;pretende antecipar conclus\u00f5es que competem exclusivamente \u00e0s autoridades&#8221;.<\/p>\n<p><strong>O inc\u00eandio<\/strong>, que teve lugar num edif\u00edcio de tr\u00eas andares na Rua C\u00e2ndido dos Reis, na cidade alentejana, <strong>ocorreu cerca de duas horas e meia ap\u00f3s uma primeira ocorr\u00eancia, em que os bombeiros foram chamados a combater um princ\u00edpio de inc\u00eandio no quadro el\u00e9trico<\/strong>, na zona das escadas, levando ao corte de energia. <strong>Na altura, as chamas n\u00e3o ter\u00e3o atingido as instala\u00e7\u00f5es ocupadas pelo Chega, ao contr\u00e1rio do que aconteceu no segundo inc\u00eandio.<\/strong><\/p>\n<p><strong>Segundo o que os bombeiros ter\u00e3o comunicado ao presidente da disitrital de \u00c9vora do Chega, a &#8220;zona onde foi identificada a maior concentra\u00e7\u00e3o t\u00e9rmica situava-se junto a uma das janelas viradas diretamente para a rua&#8221;.<\/strong> No entanto, a origem e a causa do inc\u00eandio ainda est\u00e3o a ser investigadas.<\/p>\n<p><strong>&#8220;A sequ\u00eancia dos acontecimentos &#8211; um primeiro inc\u00eandio no quadro el\u00e9trico geral, o corte posterior de eletricidade em todo o edif\u00edcio e, cerca de duas horas e meia depois, um novo fogo no interior da sede &#8211; apresenta circunst\u00e2ncias particularmente estranhas, que justificam um esclarecimento completo e rigoroso&#8221;, defende a dire\u00e7\u00e3o nacional do Chega,<\/strong> garantindo que &#8220;as instala\u00e7\u00f5es ser\u00e3o recuperadas e o trabalho continuar\u00e1&#8221;.<\/p>\n<p><strong>O inc\u00eandio que destruiu a sede distrital do Chega em \u00c9vora ocorreu poucas horas antes da <\/strong><strong>rentr\u00e9e<\/strong><strong> pol\u00edtica do partido. Discursando no Centro Nacional de Exposi\u00e7\u00f5es, em Santar\u00e9m, Andr\u00e9 Ventura acusou o Governo de &#8220;tentar neutralizar&#8221; a sua proposta de baixar a idade da reforma<\/strong>, que confirmou ser uma prioridade na negocia\u00e7\u00e3o do Or\u00e7amento do Estado para 2027, atrav\u00e9s da divulga\u00e7\u00e3o do relat\u00f3rio do Grupo de Trabalho para a Reforma da Seguran\u00e7a Social.<\/p>\n","protected":false},"excerpt":{"rendered":"A dire\u00e7\u00e3o nacional do Chega quer o &#8220;esclarecimento r\u00e1pido e rigoroso&#8221; das causas do inc\u00eandio que destruiu a&hellip;\n","protected":false},"author":2,"featured_media":494225,"comment_status":"","ping_status":"","sticky":false,"template":"","format":"standard","meta":{"footnotes":"","_share_on_mastodon":"0"},"categories":[10],"tags":[3386,27,28,1736,79025,74782,4917,15,16,79029,301,14,79028,625,79026,79030,1173,25,26,21,22,12,13,19,20,32,23,24,33,79027,79024,915,17,18,29,30,31],"class_list":["post-494224","post","type-post","status-publish","format-standard","has-post-thumbnail","category-portugal","tag-andre-ventura","tag-breaking-news","tag-breakingnews","tag-chega","tag-circunstancias-estranhas","tag-cpi-luis-neves","tag-evora","tag-featured-news","tag-featurednews","tag-gabinete-nacional-seguranca","tag-governo","tag-headlines","tag-idade-reforma","tag-incendio","tag-incendio-criminoso","tag-incendio-politico","tag-investigacao","tag-latest-news","tag-latestnews","tag-main-news","tag-mainnews","tag-news","tag-noticias","tag-noticias-principais","tag-noticiasprincipais","tag-portugal","tag-principais-noticias","tag-principaisnoticias","tag-pt","tag-rentree-politica","tag-sede-partidaria","tag-seguranca-social","tag-top-stories","tag-topstories","tag-ultimas","tag-ultimas-noticias","tag-ultimasnoticias"],"share_on_mastodon":{"url":"","error":"Validation failed: Text character limit of 500 exceeded"},"_links":{"self":[{"href":"https:\/\/www.europesays.com\/pt\/wp-json\/wp\/v2\/posts\/494224","targetHints":{"allow":["GET"]}}],"collection":[{"href":"https:\/\/www.europesays.com\/pt\/wp-json\/wp\/v2\/posts"}],"about":[{"href":"https:\/\/www.europesays.com\/pt\/wp-json\/wp\/v2\/types\/post"}],"author":[{"embeddable":true,"href":"https:\/\/www.europesays.com\/pt\/wp-json\/wp\/v2\/users\/2"}],"replies":[{"embeddable":true,"href":"https:\/\/www.europesays.com\/pt\/wp-json\/wp\/v2\/comments?post=494224"}],"version-history":[{"count":0,"href":"https:\/\/www.europesays.com\/pt\/wp-json\/wp\/v2\/posts\/494224\/revisions"}],"wp:featuredmedia":[{"embeddable":true,"href":"https:\/\/www.europesays.com\/pt\/wp-json\/wp\/v2\/media\/494225"}],"wp:attachment":[{"href":"https:\/\/www.europesays.com\/pt\/wp-json\/wp\/v2\/media?parent=494224"}],"wp:term":[{"taxonomy":"category","embeddable":true,"href":"https:\/\/www.europesays.com\/pt\/wp-json\/wp\/v2\/categories?post=494224"},{"taxonomy":"post_tag","embeddable":true,"href":"https:\/\/www.europesays.com\/pt\/wp-json\/wp\/v2\/tags?post=494224"}],"curies":[{"name":"wp","href":"https:\/\/api.w.org\/{rel}","templated":true}]}}