{"id":494429,"date":"2026-08-20T21:27:14","date_gmt":"2026-08-20T21:27:14","guid":{"rendered":"https:\/\/www.europesays.com\/pt\/494429\/"},"modified":"2026-08-20T21:27:14","modified_gmt":"2026-08-20T21:27:14","slug":"rivalidade-gre-nal-chega-aos-cinemas-em-setembro-em-novo-documentario","status":"publish","type":"post","link":"https:\/\/www.europesays.com\/pt\/494429\/","title":{"rendered":"Rivalidade Gre-Nal chega aos cinemas em setembro em novo document\u00e1rio"},"content":{"rendered":"<p>O cl\u00e1ssico que mobiliza os ga\u00fachos chega aos cinemas em setembro. Com pr\u00e9-estreia no Festival de Cinema de Gramado, o document\u00e1rio \u201cGre-Nal: O Maior Cl\u00e1ssicos das Am\u00e9ricas\u201d mostra nas telas a rivalidade hist\u00f3ria entre Gr\u00eamio e Inter. O filme, dirigido por Belis\u00e1rio Franca e Tatiana Sager, traz depoimentos de ex-jogadores com passagem marcantes na hist\u00f3ria do duelo, dirigentes, jornalistas e torcedores. Nesta edi\u00e7\u00e3o do CPop, Carlos Corr\u00eaa conversa com Franca e Sager.<\/p>\n","protected":false},"excerpt":{"rendered":"O cl\u00e1ssico que mobiliza os ga\u00fachos chega aos cinemas em setembro. Com pr\u00e9-estreia no Festival de Cinema de&hellip;\n","protected":false},"author":2,"featured_media":494430,"comment_status":"","ping_status":"","sticky":false,"template":"","format":"standard","meta":{"footnotes":"","_share_on_mastodon":"0"},"categories":[140],"tags":[4708,1414,114,115,147,148,79064,79065,146,32,33],"class_list":["post-494429","post","type-post","status-publish","format-standard","has-post-thumbnail","category-filmes","tag-cpop","tag-documentario","tag-entertainment","tag-entretenimento","tag-film","tag-filmes","tag-gre-nal","tag-gre-nal-o-maior-classico-das-americas","tag-movies","tag-portugal","tag-pt"],"share_on_mastodon":{"url":"https:\/\/pubeurope.com\/@pt\/117129959543827698","error":""},"_links":{"self":[{"href":"https:\/\/www.europesays.com\/pt\/wp-json\/wp\/v2\/posts\/494429","targetHints":{"allow":["GET"]}}],"collection":[{"href":"https:\/\/www.europesays.com\/pt\/wp-json\/wp\/v2\/posts"}],"about":[{"href":"https:\/\/www.europesays.com\/pt\/wp-json\/wp\/v2\/types\/post"}],"author":[{"embeddable":true,"href":"https:\/\/www.europesays.com\/pt\/wp-json\/wp\/v2\/users\/2"}],"replies":[{"embeddable":true,"href":"https:\/\/www.europesays.com\/pt\/wp-json\/wp\/v2\/comments?post=494429"}],"version-history":[{"count":0,"href":"https:\/\/www.europesays.com\/pt\/wp-json\/wp\/v2\/posts\/494429\/revisions"}],"wp:featuredmedia":[{"embeddable":true,"href":"https:\/\/www.europesays.com\/pt\/wp-json\/wp\/v2\/media\/494430"}],"wp:attachment":[{"href":"https:\/\/www.europesays.com\/pt\/wp-json\/wp\/v2\/media?parent=494429"}],"wp:term":[{"taxonomy":"category","embeddable":true,"href":"https:\/\/www.europesays.com\/pt\/wp-json\/wp\/v2\/categories?post=494429"},{"taxonomy":"post_tag","embeddable":true,"href":"https:\/\/www.europesays.com\/pt\/wp-json\/wp\/v2\/tags?post=494429"}],"curies":[{"name":"wp","href":"https:\/\/api.w.org\/{rel}","templated":true}]}}