{"id":494499,"date":"2026-08-20T22:24:23","date_gmt":"2026-08-20T22:24:23","guid":{"rendered":"https:\/\/www.europesays.com\/pt\/494499\/"},"modified":"2026-08-20T22:24:23","modified_gmt":"2026-08-20T22:24:23","slug":"x-men-apresenta-o-filho-de-gambit-e-vampira","status":"publish","type":"post","link":"https:\/\/www.europesays.com\/pt\/494499\/","title":{"rendered":"X-Men apresenta o filho de Gambit e Vampira"},"content":{"rendered":"\n<p>Relacionamentos de super-her\u00f3is raramente duram muito tempo nos quadrinhos. <strong>Vampira<\/strong> e <strong>Gambit<\/strong>, por\u00e9m, se tornaram a exce\u00e7\u00e3o que confirma a regra. Depois de anos de romance conturbado, o casal se casou em 2018. Seguem juntos desde ent\u00e3o, hoje liderando os <strong>X-Men <\/strong>da Louisiana. Eles tamb\u00e9m adotaram um grupo de jovens marginalizados que virou uma fam\u00edlia. <\/p>\n<p>Esse v\u00ednculo carrega um peso ainda maior por causa das hist\u00f3rias tr\u00e1gicas de ambos. <strong>Vampira <\/strong>nunca conheceu o pai e perdeu a m\u00e3e ainda jovem. <strong>Gambit<\/strong>, por sua vez, foi abandonado ao nascer por causa de seus olhos vermelhos. Foi criado por uma gangue de ladr\u00f5es de rua. Agora, parece que o filho dos dois tamb\u00e9m pode nunca conhecer seus pais.<\/p>\n<p> A revela\u00e7\u00e3o de Jean-Luc LeBeau <\/p>\n<p>Nas edi\u00e7\u00f5es recentes de <strong>Uncanny X-Men<\/strong>, <strong>Gambit <\/strong>foi corrompido por um artefato amaldi\u00e7oado. Ele roubou o item de um drag\u00e3o. O artefato o transformou na monstruosa entidade <strong>Wyvern <\/strong>e lhe deu um apetite sombrio por carne humana. <\/p>\n<p>Na edi\u00e7\u00e3o mais recente da revista, escrita por <strong>Gail Simone <\/strong>com arte de <strong>Luciano Vecchio,<\/strong> <strong>Gambit <\/strong>busca ajuda. Ele procura um padre atormentado chamado <strong>Gabriel<\/strong>. O religioso tenta convenc\u00ea-lo a literalmente cortar o mal de dentro do pr\u00f3prio corpo. Durante o processo, <strong>Gambit <\/strong>vivencia uma s\u00e9rie de vis\u00f5es. Uma delas \u00e9 o encontro com seu filho, <strong>Jean-Luc LeBeau.<\/strong><\/p>\n<p>Apesar da alegria de conhecer o menino, que herdou os olhos vermelhos do pai, <strong>Jean-Luc<\/strong> traz uma revela\u00e7\u00e3o amarga. Os acontecimentos recentes da vida de <strong>Gambit <\/strong>talvez signifiquem que os dois nunca cheguem a se encontrar de verdade. A maldi\u00e7\u00e3o do her\u00f3i pesa nessa equa\u00e7\u00e3o. Somada \u00e0 decis\u00e3o de adotar o grupo de jovens marginalizados como filhos, ela colocou <strong>Vampira <\/strong>e <strong>Gambit <\/strong>em um caminho sem filho biol\u00f3gico. <\/p>\n<p>Em uma reviravolta comovente, o nome escolhido para o garoto homenageia o pai adotivo de <strong>Remy<\/strong>. Foi esse homem que o tirou das ruas da Louisiana. Ele lhe deu um lar dentro da <strong>Guilda dos Ladr\u00f5es,<\/strong> ligando o futuro do personagem ao seu pr\u00f3prio passado.<\/p>\n<p>  <img fetchpriority=\"high\" decoding=\"async\" width=\"2495\" height=\"2494\" data-id=\"216791\" src=\"https:\/\/www.einerd.com\/wp-content\/uploads\/2026\/08\/x-men-jean-luc-lebeau-3.avif\" alt=\"\" class=\"wp-image-216791\"\/>Reprodu\u00e7\u00e3o\/Marvel Comics <img loading=\"lazy\" decoding=\"async\" width=\"663\" height=\"1024\" data-id=\"216790\" src=\"https:\/\/www.europesays.com\/pt\/wp-content\/uploads\/2026\/08\/x-men-jean-luc-lebeau-2-663x1024.jpg\" alt=\"\" class=\"wp-image-216790\"   data-eio=\"p\"\/>Reprodu\u00e7\u00e3o\/Marvel Comics <img loading=\"lazy\" decoding=\"async\" width=\"1024\" height=\"917\" data-id=\"216792\" src=\"https:\/\/www.europesays.com\/pt\/wp-content\/uploads\/2026\/08\/x-men-jean-luc-lebeau-1024x917.jpg\" alt=\"\" class=\"wp-image-216792\"   data-eio=\"p\"\/>Reprodu\u00e7\u00e3o\/Marvel Comics  Filhos espalhados pelo multiverso <\/p>\n<p><strong>Jean-Luc LeBeau <\/strong>\u00e9 apresentado como o filho que <strong>Vampira <\/strong>e <strong>Gambit <\/strong>teriam na linha do tempo principal da <strong>Marvel<\/strong>. Outras hist\u00f3rias, por\u00e9m, j\u00e1 imaginaram descendentes diferentes para o casal. <\/p>\n<p>Entre os exemplos mais not\u00e1veis est\u00e3o <strong>Olivier Raven,<\/strong> de <strong>X-Men: The End<\/strong>, dotado de poderes mentais como absor\u00e7\u00e3o de mem\u00f3rias e hipnose. H\u00e1 tamb\u00e9m <strong>Irene LeBeau,<\/strong> de <strong>Captain Marvel: The End<\/strong>, batizada em homenagem \u00e0 m\u00e3e adotiva de <strong>Vampira<\/strong>, <strong>Destiny<\/strong>, e \u00e0 <strong>M\u00edstica<\/strong>. Ela herdou os pr\u00f3prios poderes da hero\u00edna. <\/p>\n<p>Essas hist\u00f3rias costumam explorar mais o legado da <strong>Vampira<\/strong>. <a href=\"https:\/\/www.einerd.com.br\/x-men-apocalipse-gambit-senhor-sinistro\/\" rel=\"nofollow noopener\" target=\"_blank\">A nova trama de <strong>Uncanny X-Men<\/strong>, por\u00e9m, decidiu se aprofundar justamente na hist\u00f3ria pessoal de <strong>Gambit<\/strong><\/a>. Isso torna a amea\u00e7a da maldi\u00e7\u00e3o ainda mais pessoal para o her\u00f3i.<\/p>\n<p> O quanto a maldi\u00e7\u00e3o j\u00e1 corrompeu Gambit <\/p>\n<p>Encontrar o poss\u00edvel filho \u00e9 comovente, mas tamb\u00e9m perturbador. A fome canibal da maldi\u00e7\u00e3o de <strong>Gambit <\/strong>\u00e9 direcionada especificamente \u00e0s pessoas que ele mais ama. Mesmo segurando o garoto nos bra\u00e7os, seu mon\u00f3logo interno soa perturbador. Ele admite sentir o cheiro do filho como algo apetitoso. <\/p>\n<p>A revista refor\u00e7a a ideia de que a maldi\u00e7\u00e3o pode destruir tudo de bom que existe dentro do her\u00f3i. Mesmo que ele consiga expulsar a entidade <strong>Wyvern <\/strong>de seu corpo, a amea\u00e7a em rela\u00e7\u00e3o ao filho n\u00e3o estaria totalmente resolvida.<\/p>\n<p><strong>Jean-Luc<\/strong> deixa claro algo doloroso. Ao criar o grupo de jovens marginalizados como filhos adotivos, <strong>Gambit <\/strong>est\u00e1, na pr\u00e1tica, abrindo m\u00e3o do filho que poderia ter com <strong>Vampira<\/strong>. \u00c9 um fato que deve pesar bastante sobre os l\u00edderes de <a href=\"https:\/\/www.einerd.com.br\/marvel-anuncia-o-primeiro-evento-crossover-da-era-x-men-from-the-ashes\/\" rel=\"nofollow noopener\" target=\"_blank\">uma das equipes centrais do atual momento editorial dos <strong>X-Men<\/strong><\/a>. Pode at\u00e9 motiv\u00e1-los a n\u00e3o retornar \u00e0 fam\u00edlia que constru\u00edram na Louisiana, maldi\u00e7\u00e3o ou n\u00e3o.<\/p>\n","protected":false},"excerpt":{"rendered":"Relacionamentos de super-her\u00f3is raramente duram muito tempo nos quadrinhos. Vampira e Gambit, por\u00e9m, se tornaram a exce\u00e7\u00e3o que&hellip;\n","protected":false},"author":2,"featured_media":494500,"comment_status":"","ping_status":"","sticky":false,"template":"","format":"standard","meta":{"footnotes":"","_share_on_mastodon":"0"},"categories":[140],"tags":[114,115,147,148,32100,79076,146,32,33,79077,73961,8107],"class_list":["post-494499","post","type-post","status-publish","format-standard","has-post-thumbnail","category-filmes","tag-entertainment","tag-entretenimento","tag-film","tag-filmes","tag-gambit","tag-jean-luc-lebeau","tag-movies","tag-portugal","tag-pt","tag-vampira","tag-wyvern","tag-x-men"],"share_on_mastodon":{"url":"https:\/\/pubeurope.com\/@pt\/117130184552325731","error":""},"_links":{"self":[{"href":"https:\/\/www.europesays.com\/pt\/wp-json\/wp\/v2\/posts\/494499","targetHints":{"allow":["GET"]}}],"collection":[{"href":"https:\/\/www.europesays.com\/pt\/wp-json\/wp\/v2\/posts"}],"about":[{"href":"https:\/\/www.europesays.com\/pt\/wp-json\/wp\/v2\/types\/post"}],"author":[{"embeddable":true,"href":"https:\/\/www.europesays.com\/pt\/wp-json\/wp\/v2\/users\/2"}],"replies":[{"embeddable":true,"href":"https:\/\/www.europesays.com\/pt\/wp-json\/wp\/v2\/comments?post=494499"}],"version-history":[{"count":0,"href":"https:\/\/www.europesays.com\/pt\/wp-json\/wp\/v2\/posts\/494499\/revisions"}],"wp:featuredmedia":[{"embeddable":true,"href":"https:\/\/www.europesays.com\/pt\/wp-json\/wp\/v2\/media\/494500"}],"wp:attachment":[{"href":"https:\/\/www.europesays.com\/pt\/wp-json\/wp\/v2\/media?parent=494499"}],"wp:term":[{"taxonomy":"category","embeddable":true,"href":"https:\/\/www.europesays.com\/pt\/wp-json\/wp\/v2\/categories?post=494499"},{"taxonomy":"post_tag","embeddable":true,"href":"https:\/\/www.europesays.com\/pt\/wp-json\/wp\/v2\/tags?post=494499"}],"curies":[{"name":"wp","href":"https:\/\/api.w.org\/{rel}","templated":true}]}}