{"id":49466,"date":"2025-08-29T00:34:52","date_gmt":"2025-08-29T00:34:52","guid":{"rendered":"https:\/\/www.europesays.com\/pt\/49466\/"},"modified":"2025-08-29T00:34:52","modified_gmt":"2025-08-29T00:34:52","slug":"sabado-e-dia-de-operacao-casa-limpa-na-regiao-norte","status":"publish","type":"post","link":"https:\/\/www.europesays.com\/pt\/49466\/","title":{"rendered":"S\u00e1bado \u00e9 dia de Opera\u00e7\u00e3o Casa Limpa na regi\u00e3o norte"},"content":{"rendered":"<p>&#13;<br \/>\n                <b>Lucas Brito<\/b><br \/>&#13;<br \/>\n                Sa\u00fade&#13;\n            <\/p>\n<p dir=\"ltr\">Colaborou o estagi\u00e1rio V\u00edtor Burgatti<\/p>\n<p dir=\"ltr\">A zona norte da cidade ser\u00e1 o alvo da Opera\u00e7\u00e3o Casa Limpa deste s\u00e1bado (30), estrat\u00e9gia da Prefeitura de S\u00e3o Jos\u00e9 dos Campos no combate \u00e0 dengue.<\/p>\n<p dir=\"ltr\">Das 7h \u00e0s 12h, os moradores devem deixar em frente de casa os itens que possam servir de criadouros do mosquito Aedes aegypti, transmissor da doen\u00e7a, para que sejam recolhidos pelos caminh\u00f5es que v\u00e3o circular pelos bairros.<\/p>\n<p dir=\"ltr\">Ser\u00e3o visitados Jardim Mariteia, Vila Leon\u00eddia, Vila Nossa Senhora das Gra\u00e7as, Vila Veneziani, Alto da Ponte, Vila Leila, Jardim Santar\u00e9m, Vila Monte Alegre, Vila Sinh\u00e1 e Jardim Guimar\u00e3es.<\/p>\n<p dir=\"ltr\">Entre os objetos coletados est\u00e3o latas, potes, pneus, garrafas, lonas, vasos sanit\u00e1rios, baldes, tambores, piscinas desmont\u00e1veis e quaisquer outros que acumulam \u00e1gua.<\/p>\n<p dir=\"ltr\">\u00c9 importante refor\u00e7ar que os restos de constru\u00e7\u00f5es, m\u00f3veis e madeiras n\u00e3o s\u00e3o retirados e devem ser entregues nos <a rel=\"noopener nofollow\" href=\"https:\/\/www.sjc.sp.gov.br\/servicos\/manutencao-da-cidade\/pevs-na-cidade\/\" target=\"_blank\">PEVs (Pontos de Entrega Volunt\u00e1ria)<\/a>.<\/p>\n<p dir=\"ltr\">No \u00faltimo s\u00e1bado (23), a regi\u00e3o oeste recebeu a 31\u00aa edi\u00e7\u00e3o da opera\u00e7\u00e3o. Foram apanhados 100 quilos de materiais, somando cerca de 28 toneladas em 2025 nas mobiliza\u00e7\u00f5es realizadas por todo o munic\u00edpio.<\/p>\n<p dir=\"ltr\">Iniciativas contra o mosquito<\/p>\n<p dir=\"ltr\">Com base nos dados da <a rel=\"noopener nofollow\" href=\"https:\/\/www.sjc.sp.gov.br\/noticias\/2025\/julho\/30\/prefeitura-reduz-focos-de-dengue-e-melhora-adl\/\" target=\"_blank\">Avalia\u00e7\u00e3o de Densidade Larv\u00e1ria (ADL)<\/a>, a Prefeitura avalia e ajusta as medidas adotadas, redirecionando a\u00e7\u00f5es conforme a necessidade de cada regi\u00e3o. Apesar da melhora geral e a <a rel=\"noopener nofollow\" href=\"https:\/\/www.sjc.sp.gov.br\/noticias\/2025\/junho\/30\/prefeitura-homenageia-servidores-e-reforca-combate-a-dengue\/\" target=\"_blank\">diminui\u00e7\u00e3o expressiva nos casos em compara\u00e7\u00e3o com o ano passado<\/a>, o enfrentamento \u00e0 dengue segue firme no munic\u00edpio.<\/p>\n<p dir=\"ltr\">A <a rel=\"noopener nofollow\" href=\"https:\/\/www.sjc.sp.gov.br\/servicos\/saude\/campanha-contra-a-dengue\/programacao\/\" target=\"_blank\">programa\u00e7\u00e3o<\/a> das execu\u00e7\u00f5es di\u00e1rias pode ser acompanhada pelo site oficial.<\/p>\n<p dir=\"ltr\">Mesmo com a chegada do inverno e a queda das temperaturas, \u00e9 fundamental que os moradores mantenham os cuidados dentro de casa e sejam cordiais com os agentes, deixando-os entrar para avalia\u00e7\u00e3o dos quintais e ralos. Eles est\u00e3o atuando para garantir a sa\u00fade de todos. O registro dos funcion\u00e1rios est\u00e1 dispon\u00edvel on-line.<\/p>\n<p dir=\"ltr\">Confira <a rel=\"noopener nofollow\" href=\"https:\/\/www.sjc.sp.gov.br\/servicos\/saude\/campanha-contra-a-dengue\/dengue\/\" target=\"_blank\">orienta\u00e7\u00f5es<\/a> para eliminar criadouros e ao identificar qualquer poss\u00edvel foco do mosquito, entre em contato pela Central 156 (telefone, site e aplicativo).<\/p>\n<p>&#13;<br \/>\n                    <strong>MAIS NOT\u00cdCIAS<\/strong><br \/>&#13;<br \/>\n                    <a href=\"https:\/\/www.sjc.sp.gov.br\/noticias\/?tema=13\" rel=\"nofollow noopener\" target=\"_blank\">Sa\u00fade<\/a>&#13;\n                <\/p>\n","protected":false},"excerpt":{"rendered":"&#13; Lucas Brito&#13; Sa\u00fade&#13; Colaborou o estagi\u00e1rio V\u00edtor Burgatti A zona norte da cidade ser\u00e1 o alvo da&hellip;\n","protected":false},"author":2,"featured_media":49467,"comment_status":"","ping_status":"","sticky":false,"template":"","format":"standard","meta":{"footnotes":""},"categories":[86],"tags":[1300,116,3048,32,3046,33,3049,117,3047],"class_list":{"0":"post-49466","1":"post","2":"type-post","3":"status-publish","4":"format-standard","5":"has-post-thumbnail","7":"category-saude","8":"tag-cidade","9":"tag-health","10":"tag-online","11":"tag-portugal","12":"tag-prefeitura","13":"tag-pt","14":"tag-so-jos-dos-campos","15":"tag-saude","16":"tag-servios"},"share_on_mastodon":{"url":"","error":""},"_links":{"self":[{"href":"https:\/\/www.europesays.com\/pt\/wp-json\/wp\/v2\/posts\/49466","targetHints":{"allow":["GET"]}}],"collection":[{"href":"https:\/\/www.europesays.com\/pt\/wp-json\/wp\/v2\/posts"}],"about":[{"href":"https:\/\/www.europesays.com\/pt\/wp-json\/wp\/v2\/types\/post"}],"author":[{"embeddable":true,"href":"https:\/\/www.europesays.com\/pt\/wp-json\/wp\/v2\/users\/2"}],"replies":[{"embeddable":true,"href":"https:\/\/www.europesays.com\/pt\/wp-json\/wp\/v2\/comments?post=49466"}],"version-history":[{"count":0,"href":"https:\/\/www.europesays.com\/pt\/wp-json\/wp\/v2\/posts\/49466\/revisions"}],"wp:featuredmedia":[{"embeddable":true,"href":"https:\/\/www.europesays.com\/pt\/wp-json\/wp\/v2\/media\/49467"}],"wp:attachment":[{"href":"https:\/\/www.europesays.com\/pt\/wp-json\/wp\/v2\/media?parent=49466"}],"wp:term":[{"taxonomy":"category","embeddable":true,"href":"https:\/\/www.europesays.com\/pt\/wp-json\/wp\/v2\/categories?post=49466"},{"taxonomy":"post_tag","embeddable":true,"href":"https:\/\/www.europesays.com\/pt\/wp-json\/wp\/v2\/tags?post=49466"}],"curies":[{"name":"wp","href":"https:\/\/api.w.org\/{rel}","templated":true}]}}