{"id":494675,"date":"2026-08-21T02:02:52","date_gmt":"2026-08-21T02:02:52","guid":{"rendered":"https:\/\/www.europesays.com\/pt\/494675\/"},"modified":"2026-08-21T02:02:52","modified_gmt":"2026-08-21T02:02:52","slug":"teerao-desvaloriza-sancoes-dia-d-de-trump-repete-politicas-condenadas-ao-fracasso","status":"publish","type":"post","link":"https:\/\/www.europesays.com\/pt\/494675\/","title":{"rendered":"Teer\u00e3o desvaloriza san\u00e7\u00f5es. &#8220;Dia D&#8221; de Trump repete &#8220;pol\u00edticas condenadas ao fracasso&#8221;"},"content":{"rendered":"<p>\n                &#8220;<b>O chamado Dia D econ\u00f3mico visa desviar a aten\u00e7\u00e3o da crise que os Estados Unidos enfrentam<\/b>: d\u00edvida sem precedentes e custos de empr\u00e9stimo crescentes. Continuar com pol\u00edticas condenadas ao fracasso s\u00f3 levar\u00e1 a uma derrota ainda maior e \u00e0 hostilidade dos iranianos&#8221;, declarou esta quinta-feira Abbas Araghchi.<\/p>\n<blockquote class=\"twitter-tweet\"><p>&#13;<\/p>\n<p lang=\"en\" dir=\"ltr\">&#13;<br \/>\n\tThe so-called \u201cEconomic D-Day\u201d is a diversion from America&#8217;s own crisis: unprecedented debt &amp; surging interest costs. <\/p>\n<p>Doubling down on failed policies will only bring further defeat\u2014and enmity of Iranians. US economic terrorism threatens global economy and sovereignty worldwide <a href=\"https:\/\/t.co\/Qj5SzVBjvX\" rel=\"nofollow\">pic.twitter.com\/Qj5SzVBjvX<\/a>&#13;\n\t<\/p>\n<p>&#13;<br \/>\n\t\u2014 Seyed Abbas Araghchi (@araghchi) <a href=\"https:\/\/x.com\/araghchi\/status\/2090316936206790973?ref_src=twsrc%5Etfw\" rel=\"nofollow\">August 20, 2026<\/a>&#13;\n<\/p><\/blockquote>\n<p>\nSegundo o ministro iraniano dos Neg\u00f3cios Estrangeiros, &#8220;<b>o terrorismo econ\u00f3mico dos EUA amea\u00e7a a economia internacional e a soberania dos pa\u00edses de todo o mundo<\/b>&#8220;. <\/p>\n<p>As declara\u00e7\u00f5es de Teer\u00e3o surgem depois de o presidente norte-americano ter alertado na rede social Truth para consequ\u00eancias econ\u00f3micas para qualquer pa\u00eds que apoie o Ir\u00e3o. No entanto, Trump n\u00e3o especifica as medidas que os EUA tomariam nem nomeia nenhuma na\u00e7\u00e3o.<\/p>\n<p>          <img decoding=\"async\" itemprop=\"image\" class=\"img-fluid\"   src=\"https:\/\/www.europesays.com\/pt\/wp-content\/uploads\/2026\/08\/4d7bf250e987b3eae98c8ab897abeb77_N.jpg\"\/><\/p>\n<p>Jornal da Tarde | 20 de agosto de 2026 <\/p>\n<p>\u201c<b>Ningu\u00e9m deu \u00e0 Rep\u00fablica Isl\u00e2mica do Ir\u00e3o uma maior oportunidade de fazer um acordo do que eu<\/b>. TRAGICAMENTE, para eles, falharam em aproveit\u00e1-la. Assim sendo, hoje, anuncio a OPERA\u00c7\u00c3O ECON\u00d3MICA MAIS DEVASTADORA J\u00c1 REALIZADA CONTRA QUALQUER PA\u00cdS!\u201d, alertou Trump. <\/p>\n<p>Segundo o inquilino da Casa Branca, \u201c<b>esta ser\u00e1 uma guerra econ\u00f3mica e um isolamento a uma escala sem precedentes.<\/b> A sua marinha foi dizimada, a sua for\u00e7a a\u00e9rea destru\u00edda, as suas f\u00e1bricas militares s\u00e3o agora escombros, a sua moeda n\u00e3o vale nada e o seu pa\u00eds est\u00e1 por um fio\u201d.<\/p>\n<p>&#13;<br \/>\n<br \/>&#13;<br \/>\n&#8220;Qualquer pa\u00eds que permita \u00e0s suas institui\u00e7\u00f5es financeiras, empresas, aeroportos ou entidades governamentais prestar qualquer tipo de apoio financeiro ao Ir\u00e3o enfrentar\u00e1 consequ\u00eancias econ\u00f3micas TREMENDAS. Contrabando de petr\u00f3leo, linhas de troca, transfer\u00eancias de dinheiro, casas de c\u00e2mbio, registos de navios, empresas de fachada \u2014 tudo isto tem de parar J\u00c1\u201d, escreveu sem adiantar detalhes sobre as medidas em considera\u00e7\u00e3o. &#13;<br \/>\nTrump prometeu uma &#8220;guerra econ\u00f3mica e isolamento a uma escala sem precedentes&#8221;, embora os detalhes fossem escassos.&#13;\n<\/p>\n<p>\n\u201c<b>Este ser\u00e1 um DIA D ECON\u00d3MICO e precisamos que todos os nossos aliados se unam aos Estados Unidos da Am\u00e9rica para isolar e derrotar a amea\u00e7a iraniana.<\/b> Estes man\u00edacos est\u00e3o encurralados e estas MEDIDAS HIST\u00d3RICAS v\u00e3o paralis\u00e1-los e impedir a sua capacidade de espalhar o terror pelo mundo\u201d, acrescentou.<\/p>\n<p><b>As amea\u00e7as e an\u00fancios de Donald Trump nas redes sociais nem sempre s\u00e3o implementados,<\/b> e o presidente norte-americano voltou a n\u00e3o especificar que medidas os EUA tomariam contra a Rep\u00fablica Isl\u00e2mica. <br \/>&#13;<br \/>\nDonald Trump adotou h\u00e1 muito uma pol\u00edtica de &#8220;press\u00e3o m\u00e1xima&#8221;, impondo san\u00e7\u00f5es econ\u00f3micas ao Ir\u00e3o e restabelecendo estas medidas ap\u00f3s ter tomado posse em janeiro de 2025, dando continuidade \u00e0 abordagem adotada durante o seu primeiro mandato.\u00a0<b><br \/>&#13;<br \/>\nNa ter\u00e7a-feira, os Emirados \u00c1rabes Unidos, que albergam uma importante base militar dos EUA, anunciaram a suspens\u00e3o de todas as atividades comerciais, trocas comerciais e transa\u00e7\u00f5es financeiras com o Ir\u00e3o at\u00e9 novas ordens.<\/b><\/p>\n<p>A medida foi tomada depois de o Minist\u00e9rio da Defesa dos Emirados \u00c1rabes Unidos ter afirmado ter detetado dois m\u00edsseis lan\u00e7ados do Ir\u00e3o que ca\u00edram ao mar, um relat\u00f3rio que o Ir\u00e3o classificou como infundado. <\/p>\n<p><b>O Ir\u00e3o continua aberto ao di\u00e1logo com os EUA, mas n\u00e3o confunde negocia\u00e7\u00f5es com rendi\u00e7\u00e3o, afirmou Mohammad Mokhber, conselheiro do l\u00edder supremo do Ir\u00e3o, na ter\u00e7a-feira, de acordo com a ag\u00eancia de not\u00edcias semioficial Fars.<\/b><\/p>\n<p>A press\u00e3o militar e as san\u00e7\u00f5es n\u00e3o quebrariam a determina\u00e7\u00e3o do Ir\u00e3o, acrescentou Mokhber. <\/p>\n<p>Na ter\u00e7a-feira, Trump afirmou que n\u00e3o havia negocia\u00e7\u00f5es em curso com o Ir\u00e3o. Um dia antes, Jared Kushner, o seu genro e enviado especial, adotou um tom otimista, dizendo que as negocia\u00e7\u00f5es ainda estavam em curso e &#8220;provavelmente mais robustas&#8221; do que nunca.<\/p>\n<p>Trump quer confiscar o stock de ur\u00e2nio altamente enriquecido do Ir\u00e3o e procura um novo acordo, mais restritivo, que limite os seus programas de energia e investiga\u00e7\u00e3o nuclear, para substituir o acordo do qual retirou unilateralmente os EUA em 2018.<\/p>\n<p>Signat\u00e1rio do Tratado de N\u00e3o Prolifera\u00e7\u00e3o Nuclear, o Ir\u00e3o afirma h\u00e1 d\u00e9cadas que os seus programas nucleares s\u00e3o pac\u00edficos.<\/p>\n<p><b>Os Estados Unidos e o Ir\u00e3o anunciaram por duas vezes acordos de cessar-fogo, em abril e junho, com o objetivo de restabelecer o livre fluxo de navios atrav\u00e9s do estreito de Ormuz, visando o fim do conflito, mas ambos ru\u00edram rapidamente, mesmo com a retirada significativa de Israel dos combates.<\/b><br \/>&#13;<br \/>\nO Ir\u00e3o tem suportado san\u00e7\u00f5es econ\u00f3micas severas e cont\u00ednuas h\u00e1 quase 50 anos, desde a Revolu\u00e7\u00e3o Isl\u00e2mica de 1979.<b><br \/>&#13;<br \/>\nO conflito entre Teer\u00e3o e Washington, desencadeado a 28 de fevereiro por ataques a\u00e9reos israelitas e norte-americanos, aos quais o Ir\u00e3o retaliou atacando os seus vizinhos aliados a Washington, est\u00e1 estagnado, e as negocia\u00e7\u00f5es parecem ter parado.<\/b><\/p>\n<p>Teer\u00e3o continua a bloquear o Estreito de Ormuz, uma via naveg\u00e1vel estrat\u00e9gica por onde, antes da guerra, passava um quinto dos hidrocarbonetos do mundo.<br \/>&#13;<br \/>\n<b><br \/>&#13;<br \/>\nA sua reabertura tornou-se uma prioridade para os Estados Unidos, que impuseram um bloqueio aos portos iranianos.<\/b><\/p>\n<p>&#13;<br \/>\nMilhares de pessoas morreram na guerra, que rapidamente envolveu as na\u00e7\u00f5es do Golfo e abalou os mercados globais, \u00e0 medida que o Ir\u00e3o demonstrava a sua capacidade de restringir o tr\u00e1fego mar\u00edtimo atrav\u00e9s do estreito de Ormuz, que transportava cerca de um quinto do petr\u00f3leo comercializado no mundo antes de fevereiro.&#13;\n<\/p>\n<p>&#13;<br \/>\nc\/ ag\u00eancias&#13;\n<\/p>\n<p>            <script async src=\"https:\/\/platform.twitter.com\/widgets.js\" charset=\"utf-8\"><\/script><\/p>\n","protected":false},"excerpt":{"rendered":"&#8220;O chamado Dia D econ\u00f3mico visa desviar a aten\u00e7\u00e3o da crise que os Estados Unidos enfrentam: d\u00edvida sem&hellip;\n","protected":false},"author":2,"featured_media":494676,"comment_status":"","ping_status":"","sticky":false,"template":"","format":"standard","meta":{"footnotes":"","_share_on_mastodon":"0"},"categories":[8],"tags":[27,28,92,235,15,16,14,5453,25,26,21,22,12,13,19,20,32,3281,23,24,33,3193,5454,17,18,29,30,31],"class_list":["post-494675","post","type-post","status-publish","format-standard","has-post-thumbnail","category-principais-noticias","tag-breaking-news","tag-breakingnews","tag-donald-trump","tag-estados-unidos","tag-featured-news","tag-featurednews","tag-headlines","tag-irao","tag-latest-news","tag-latestnews","tag-main-news","tag-mainnews","tag-news","tag-noticias","tag-noticias-principais","tag-noticiasprincipais","tag-portugal","tag-presidente","tag-principais-noticias","tag-principaisnoticias","tag-pt","tag-sancoes","tag-teerao","tag-top-stories","tag-topstories","tag-ultimas","tag-ultimas-noticias","tag-ultimasnoticias"],"share_on_mastodon":{"url":"https:\/\/pubeurope.com\/@pt\/117131045487714836","error":""},"_links":{"self":[{"href":"https:\/\/www.europesays.com\/pt\/wp-json\/wp\/v2\/posts\/494675","targetHints":{"allow":["GET"]}}],"collection":[{"href":"https:\/\/www.europesays.com\/pt\/wp-json\/wp\/v2\/posts"}],"about":[{"href":"https:\/\/www.europesays.com\/pt\/wp-json\/wp\/v2\/types\/post"}],"author":[{"embeddable":true,"href":"https:\/\/www.europesays.com\/pt\/wp-json\/wp\/v2\/users\/2"}],"replies":[{"embeddable":true,"href":"https:\/\/www.europesays.com\/pt\/wp-json\/wp\/v2\/comments?post=494675"}],"version-history":[{"count":0,"href":"https:\/\/www.europesays.com\/pt\/wp-json\/wp\/v2\/posts\/494675\/revisions"}],"wp:featuredmedia":[{"embeddable":true,"href":"https:\/\/www.europesays.com\/pt\/wp-json\/wp\/v2\/media\/494676"}],"wp:attachment":[{"href":"https:\/\/www.europesays.com\/pt\/wp-json\/wp\/v2\/media?parent=494675"}],"wp:term":[{"taxonomy":"category","embeddable":true,"href":"https:\/\/www.europesays.com\/pt\/wp-json\/wp\/v2\/categories?post=494675"},{"taxonomy":"post_tag","embeddable":true,"href":"https:\/\/www.europesays.com\/pt\/wp-json\/wp\/v2\/tags?post=494675"}],"curies":[{"name":"wp","href":"https:\/\/api.w.org\/{rel}","templated":true}]}}