{"id":494807,"date":"2026-08-21T05:06:43","date_gmt":"2026-08-21T05:06:43","guid":{"rendered":"https:\/\/www.europesays.com\/pt\/494807\/"},"modified":"2026-08-21T05:06:43","modified_gmt":"2026-08-21T05:06:43","slug":"revista-publishnews-3-chega-as-plataformas-digitais","status":"publish","type":"post","link":"https:\/\/www.europesays.com\/pt\/494807\/","title":{"rendered":"Revista PublishNews #3 chega \u00e0s plataformas digitais"},"content":{"rendered":"<p>Edi\u00e7\u00e3o discute consigna\u00e7\u00e3o de livros e traz textos in\u00e9ditos de Lilia Guerra, Fred Coelho e Jos\u00e9 Castilho, reportagem com alguns dos designers editoriais mais premiados do Brasil e diversos outros materiais<\/p>\n<p><img decoding=\"async\" src=\"https:\/\/www.europesays.com\/pt\/wp-content\/uploads\/2026\/08\/NL3jndZmpVDB4AAIE97uClf47fqURXilG00RZvdG9G9kMcU1rZyNduxLCi6kY2Ndwg3gIexpgk7cGciH.jpg\" \/> <\/p>\n<p>A 3\u00aa edi\u00e7\u00e3o da <a href=\"https:\/\/www.publishnews.com.br\/etiquetas\/revista-publishnews\" target=\"_blank\" rel=\"nofollow noopener\"><strong>Revista PublishNews<\/strong><\/a> j\u00e1 est\u00e1 dispon\u00edvel nas <strong>plataformas digitais<\/strong>. Lan\u00e7ada oficialmente na Festa Liter\u00e1ria Internacional de Paraty (Flip), a revista tem como tema da mat\u00e9ria de capa a consigna\u00e7\u00e3o \u2014 o principal modelo de neg\u00f3cios do mercado do livro do pa\u00eds, que h\u00e1 cerca de 40 anos domina as transa\u00e7\u00f5es entre editoras, livrarias e distribuidoras. <a href=\"https:\/\/bwlnk.com\/4069829250931\" target=\"_blank\" rel=\"nofollow noopener\"><strong>Clique aqui <\/strong>para acessar pela sua plataforma preferida<\/a> \u2014 a revista \u00e9 gratuita. Em formato epub, a publica\u00e7\u00e3o pode ser lida nos leitores digitais (e-readers), celular, tablet e desktop, por aplicativos de leitura.<\/p>\n<p>Esta edi\u00e7\u00e3o ainda traz textos in\u00e9ditos de Lilia Guerra, Fred Coelho e Jos\u00e9 Castilho (j\u00e1 de olho nas elei\u00e7\u00f5es, porque pensamos em discutir o pa\u00eds a partir da leitura), uma reportagem com alguns dos designers editoriais mais premiados do Brasil, sobre projetos gr\u00e1ficos que renovam t\u00edtulos cl\u00e1ssicos, uma entrevista com o editor e jornalista Matinas Suzuki Jr. e um infogr\u00e1fico para quem, como n\u00f3s, \u00e9 apaixonado pelos livros \u2014 e tamb\u00e9m quer entrar no nosso mercado pela porta da frente.\n<\/p>\n<p>Em breve, alguns dos conte\u00fados da Revista tamb\u00e9m ser\u00e3o veiculados no site e na newsletter do PN. Aproveite a leitura!<\/p>\n<p><strong>Parceiros consolidados<\/strong>\n<\/p>\n<p>O design da Revista PublishNews \u00e9 assinado pela <strong>Desenho Editorial<\/strong>, empresa liderada pelo diretor de arte Guilherme Xavier. Impressa pela <strong>Ind\u00fastria Gr\u00e1fica Santa Marta<\/strong>, a publica\u00e7\u00e3o \u00e9 distribu\u00edda pela <strong>Catavento Distribuidora de Livros<\/strong> e pela <strong>Transpo Express<\/strong>. A <strong>Bookwire <\/strong>faz o produto circular digitalmente, em dezenas de canais.<\/p>\n<p><strong>LEIA O TEXTO EDITORIAL DA REVISTA:<\/strong><\/p>\n<p><strong>Pensar o Brasil a partir dos livros<\/strong>\n<\/p>\n<p>&#8220;Uma das miss\u00f5es do <strong>PublishNews<\/strong> \u2014 plataforma que re\u00fane site, newsletters, podcast e redes sociais, al\u00e9m desta revista que o leitor tem em m\u00e3os \u2014 \u00e9 contribuir para as discuss\u00f5es do mercado editorial brasileiro, todos os dias. Sem deixar de lado a import\u00e2ncia de transmitir novidades das diversas \u00e1reas que comp\u00f5em o setor, de editoras a livrarias e distribuidoras, passando por empresas de tecnologia, profissionais freelancers e acontecimentos internacionais, o PN se prop\u00f5e a dar espa\u00e7o para quest\u00f5es que perduram e que muitas vezes s\u00e3o de dif\u00edcil resolu\u00e7\u00e3o. A bola da vez foi a consigna\u00e7\u00e3o.\n<\/p>\n<p>Utilizada em larga escala h\u00e1 cerca de 40 anos por editoras e livrarias, ela se tornou o motor do mercado editorial brasileiro, consolidando um modelo de neg\u00f3cio particular e que foi sendo aprimorado \u2014 numa velocidade menor do que muitos dos profissionais envolvidos gostariam. Nossa reportagem conversou com distribuidores, livreiros e diretores comerciais de editoras para entender qual \u00e9 o estado atual da consigna\u00e7\u00e3o, quais s\u00e3o os seus desafios, e o que \u00e9 poss\u00edvel fazer para aprimor\u00e1-la. Entre vantagens e percal\u00e7os, e com poucas exce\u00e7\u00f5es, \u00e9 assim que o mundo gira no neg\u00f3cio do livro no pa\u00eds.\n<\/p>\n<p>Mas estamos falando de uma edi\u00e7\u00e3o da Revista lan\u00e7ada em um momento especial: s\u00e3o 10 anos da Casa PublishNews na Flip, em maio passado celebramos tamb\u00e9m a primeira d\u00e9cada do Pr\u00eamio PublishNews, estamos lan\u00e7ando nossa nova identidade visual e modernizando site, newsletters e presen\u00e7a nas m\u00eddias. O momento \u00e9 de transforma\u00e7\u00f5es por aqui.<\/p>\n","protected":false},"excerpt":{"rendered":"Edi\u00e7\u00e3o discute consigna\u00e7\u00e3o de livros e traz textos in\u00e9ditos de Lilia Guerra, Fred Coelho e Jos\u00e9 Castilho, reportagem&hellip;\n","protected":false},"author":2,"featured_media":494808,"comment_status":"","ping_status":"","sticky":false,"template":"","format":"standard","meta":{"footnotes":"","_share_on_mastodon":"0"},"categories":[84],"tags":[868,877,867,109,107,108,869,872,873,880,874,870,875,878,879,864,876,237,871,865,866,13,32,33,105,103,104,106,110],"class_list":["post-494807","post","type-post","status-publish","format-standard","has-post-thumbnail","category-ciencia-e-tecnologia","tag-best-seller","tag-biblioteca","tag-bienal-do-livro","tag-ciencia","tag-ciencia-e-tecnologia","tag-cienciaetecnologia","tag-clipping","tag-e-book","tag-ebook","tag-editora","tag-escritor","tag-eventos","tag-festival-literario","tag-lancamentos","tag-leitura","tag-literatura","tag-livraria","tag-livro","tag-livro-digital","tag-mercado-editorial","tag-mercado-livreiro","tag-noticias","tag-portugal","tag-pt","tag-science","tag-science-and-technology","tag-scienceandtechnology","tag-technology","tag-tecnologia"],"share_on_mastodon":{"url":"https:\/\/pubeurope.com\/@pt\/117131764914351964","error":""},"_links":{"self":[{"href":"https:\/\/www.europesays.com\/pt\/wp-json\/wp\/v2\/posts\/494807","targetHints":{"allow":["GET"]}}],"collection":[{"href":"https:\/\/www.europesays.com\/pt\/wp-json\/wp\/v2\/posts"}],"about":[{"href":"https:\/\/www.europesays.com\/pt\/wp-json\/wp\/v2\/types\/post"}],"author":[{"embeddable":true,"href":"https:\/\/www.europesays.com\/pt\/wp-json\/wp\/v2\/users\/2"}],"replies":[{"embeddable":true,"href":"https:\/\/www.europesays.com\/pt\/wp-json\/wp\/v2\/comments?post=494807"}],"version-history":[{"count":0,"href":"https:\/\/www.europesays.com\/pt\/wp-json\/wp\/v2\/posts\/494807\/revisions"}],"wp:featuredmedia":[{"embeddable":true,"href":"https:\/\/www.europesays.com\/pt\/wp-json\/wp\/v2\/media\/494808"}],"wp:attachment":[{"href":"https:\/\/www.europesays.com\/pt\/wp-json\/wp\/v2\/media?parent=494807"}],"wp:term":[{"taxonomy":"category","embeddable":true,"href":"https:\/\/www.europesays.com\/pt\/wp-json\/wp\/v2\/categories?post=494807"},{"taxonomy":"post_tag","embeddable":true,"href":"https:\/\/www.europesays.com\/pt\/wp-json\/wp\/v2\/tags?post=494807"}],"curies":[{"name":"wp","href":"https:\/\/api.w.org\/{rel}","templated":true}]}}