{"id":494911,"date":"2026-08-21T08:41:17","date_gmt":"2026-08-21T08:41:17","guid":{"rendered":"https:\/\/www.europesays.com\/pt\/494911\/"},"modified":"2026-08-21T08:41:17","modified_gmt":"2026-08-21T08:41:17","slug":"amiga-de-trump-entra-na-segunda-votacao-para-eleger-sucessor-de-guterres-diario-de-noticias","status":"publish","type":"post","link":"https:\/\/www.europesays.com\/pt\/494911\/","title":{"rendered":"\u201cAmiga\u201d de Trump entra na segunda vota\u00e7\u00e3o para eleger sucessor de Guterres &#8211; Di\u00e1rio de Not\u00edcias"},"content":{"rendered":"<ol>\n<li><a href=\"https:\/\/news.google.com\/rss\/articles\/CBMipAFBVV95cUxNQ211ekZxNlFxREpnb1M1NnZzdmdETjM3SVhmdFRfMHZuYktLdmw3ek5nVWJjZ3lpNTBZdXNRMDd1d2lKVldKbjNOYXhmWkliMWlyeDBpRzQ4OFJZMU9sbWhDT0podTg5ZHkwUnRKTlRMMzVoQ3hKSEkxajFOOUx5Ym9YLXNSWFR0TDczRXJLcUV3WWRzWk11ZWtGckNXWWptOXVPUQ?oc=5\" target=\"_blank\" rel=\"nofollow noopener\">\u201cAmiga\u201d de Trump entra na segunda vota\u00e7\u00e3o para eleger sucessor de Guterres<\/a>&nbsp;&nbsp;Di\u00e1rio de Not\u00edcias<\/li>\n<li><a href=\"https:\/\/news.google.com\/rss\/articles\/CBMi8AFBVV95cUxQRUxySkl1ck9POGZZQ00tbmtvWTlUeXdUek00cDliUnh5THd0dFZnZFNTMHBmMVFHaDlFYjZTRV9zbm9IeXpMZVVKWmRyaTJkNDZmUHkxQmQ0RkUzd0hRM2IyTDFad2J5N3FaQ0NQXzRwY0FLcG1sY244aW5HcTdRSUU1c3VtUzE5UUxOOFpBOUtxV1lpQmdUa2hxRG9sV091b0dCSUJJenVaTzFXTGlEVWJIaFplWkZFNWFKNzVwNVVmSTJ5QmhJZG8tMjBDaUFDLTdybmp4UVRrekE3R3dMYUdmNjhUTTFFbVRwbWxSVmo?oc=5\" target=\"_blank\" rel=\"nofollow noopener\">Candidata \u00e0 chefia da ONU promete foco na preven\u00e7\u00e3o de conflitos e na renova\u00e7\u00e3o da entidade<\/a>&nbsp;&nbsp;UOL Not\u00edcias<\/li>\n<li><a href=\"https:\/\/news.google.com\/rss\/articles\/CBMizgFBVV95cUxOcUlVRHdJUGlQQ3VNNE9IX2w2RXZRamtDSE9HYVQtNnZzUHA5bVJQdDlCenU1M0RlN0tweC1KS21PV2RKWmgyTjBTdG4zcFAzdXRDellPVC1QQk53c2NRSXJoVHVMZno1TXVDOG1jdDBMT0ttQlAxZEpPNm1EcFNxd19wRGJhZ2hWcDhZRnNScnFiamNhWnFIbkcwMkRpNTJwZjVYU3VzZHRiRHNXekQxVG9nUVRHUUlERW9QNzVRNWtEaTJaU09BQzlfa25EUQ?oc=5\" target=\"_blank\" rel=\"nofollow noopener\">Diplomata do Equador \u00e9 o 8\u00ba nome a entrar na disputa pela secretaria-geral da ONU | Mundo<\/a>&nbsp;&nbsp;Valor Econ\u00f4mico<\/li>\n<li><a href=\"https:\/\/news.google.com\/rss\/articles\/CBMiV0FVX3lxTE5FckxGdlZ3LXJRYkVKeElCaUZXZS10S0ZXSk1Rb3MyQktYUExiZk9vQVoweTBJcnNGMW5KNEZuS3pIUFBIcF9aYzJTendSWGw4dUliMDJNWQ?oc=5\" target=\"_blank\" rel=\"nofollow noopener\">Olara Otunnu, de Uganda, defende cadidatura a secret\u00e1rio-geral em di\u00e1logo interativo<\/a>&nbsp;&nbsp;UN News<\/li>\n<li><a href=\"https:\/\/news.google.com\/rss\/articles\/CBMiwwFBVV95cUxQRndsNUJzNlFoeXdHWjdXUm5kWmRuQjFKbTVKMXlnbmxIa3pWRUVGZnl1NVdkcm5KQmF3VndEcHJEdVRZZmE1R1FHeDJpNHBpd0NsN0lqVzU5MTdPeTBMRTRFbkVMZE9DR2FWTDh3LW9BamxXSEtLX2dibG1MV09Ua0RMY0s0LUVPTDdGck1DVnpHUXRLU0lnbnBNS2pVcTA1Rmhzd29IUnpVbHpSczhaWHJRcldLb1puZUljTi1sMVdldG8?oc=5\" target=\"_blank\" rel=\"nofollow noopener\">Conselho de Seguran\u00e7a da ONU realiza segunda vota\u00e7\u00e3o informal para escolher o pr\u00f3ximo secret\u00e1rio-geral<\/a>&nbsp;&nbsp;Euronews<\/li>\n<\/ol>\n","protected":false},"excerpt":{"rendered":"\u201cAmiga\u201d de Trump entra na segunda vota\u00e7\u00e3o para eleger sucessor de Guterres&nbsp;&nbsp;Di\u00e1rio de Not\u00edcias Candidata \u00e0 chefia da&hellip;\n","protected":false},"author":2,"featured_media":494912,"comment_status":"","ping_status":"","sticky":false,"template":"","format":"standard","meta":{"footnotes":"","_share_on_mastodon":"0"},"categories":[50],"tags":[79143,27,28,79147,79138,79144,92,79142,15,16,1838,14,79136,25,26,21,22,62,12,13,19,20,910,79146,23,24,79137,79141,79139,79140,17,18,29,30,31,79145,63,64,65],"class_list":["post-494911","post","type-post","status-publish","format-standard","has-post-thumbnail","category-mundo","tag-annalenna-baerbock","tag-breaking-news","tag-breakingnews","tag-candidatos-secretario-geral","tag-conselho-seguranca","tag-crise-onu","tag-donald-trump","tag-eleicao-secretario-geral","tag-featured-news","tag-featurednews","tag-guterres","tag-headlines","tag-ivonne-baki","tag-latest-news","tag-latestnews","tag-main-news","tag-mainnews","tag-mundo","tag-news","tag-noticias","tag-noticias-principais","tag-noticiasprincipais","tag-onu","tag-onu-mulheres","tag-principais-noticias","tag-principaisnoticias","tag-rebeca-grynspan","tag-rebeca-grynspan-onu","tag-straw-poll","tag-sucessao-guterres","tag-top-stories","tag-topstories","tag-ultimas","tag-ultimas-noticias","tag-ultimasnoticias","tag-veto-conselho","tag-world","tag-world-news","tag-worldnews"],"share_on_mastodon":{"url":"","error":""},"_links":{"self":[{"href":"https:\/\/www.europesays.com\/pt\/wp-json\/wp\/v2\/posts\/494911","targetHints":{"allow":["GET"]}}],"collection":[{"href":"https:\/\/www.europesays.com\/pt\/wp-json\/wp\/v2\/posts"}],"about":[{"href":"https:\/\/www.europesays.com\/pt\/wp-json\/wp\/v2\/types\/post"}],"author":[{"embeddable":true,"href":"https:\/\/www.europesays.com\/pt\/wp-json\/wp\/v2\/users\/2"}],"replies":[{"embeddable":true,"href":"https:\/\/www.europesays.com\/pt\/wp-json\/wp\/v2\/comments?post=494911"}],"version-history":[{"count":0,"href":"https:\/\/www.europesays.com\/pt\/wp-json\/wp\/v2\/posts\/494911\/revisions"}],"wp:featuredmedia":[{"embeddable":true,"href":"https:\/\/www.europesays.com\/pt\/wp-json\/wp\/v2\/media\/494912"}],"wp:attachment":[{"href":"https:\/\/www.europesays.com\/pt\/wp-json\/wp\/v2\/media?parent=494911"}],"wp:term":[{"taxonomy":"category","embeddable":true,"href":"https:\/\/www.europesays.com\/pt\/wp-json\/wp\/v2\/categories?post=494911"},{"taxonomy":"post_tag","embeddable":true,"href":"https:\/\/www.europesays.com\/pt\/wp-json\/wp\/v2\/tags?post=494911"}],"curies":[{"name":"wp","href":"https:\/\/api.w.org\/{rel}","templated":true}]}}