{"id":495023,"date":"2026-08-21T10:35:08","date_gmt":"2026-08-21T10:35:08","guid":{"rendered":"https:\/\/www.europesays.com\/pt\/495023\/"},"modified":"2026-08-21T10:35:08","modified_gmt":"2026-08-21T10:35:08","slug":"casa-de-gal-costa-e-vendida-por-r-67-mi-21-08-2026-monica-bergamo","status":"publish","type":"post","link":"https:\/\/www.europesays.com\/pt\/495023\/","title":{"rendered":"Casa de Gal Costa \u00e9 vendida por R$ 6,7 mi &#8211; 21\/08\/2026 &#8211; M\u00f4nica Bergamo"},"content":{"rendered":"<p>A casa em que <a href=\"https:\/\/www1.folha.uol.com.br\/folha-topicos\/gal-costa\/\" rel=\"nofollow noopener\" target=\"_blank\">Gal Costa<\/a> passou os \u00faltimos anos de sua vida, em S\u00e3o Paulo, foi vendida nesta semana por R$ 6,7 milh\u00f5es.<\/p>\n<p>O neg\u00f3cio deve ser oficializado nos pr\u00f3ximos dias.<\/p>\n<p>O valor ser\u00e1 dividido igualmente entre o filho dela, Gabriel da Costa Penna Burgos, e a vi\u00fava, Wilma Petrillo, colocando fim a uma<a href=\"https:\/\/www1.folha.uol.com.br\/colunas\/monicabergamo\/2024\/09\/viuva-e-filho-de-gal-fecham-acordo-em-torno-de-heranca-e-encerram-disputa.shtml\" rel=\"nofollow noopener\" target=\"\"> disputa pelos bens da artista <\/a>que j\u00e1 durava mais de tr\u00eas anos.<\/p>\n<p>Na sequ\u00eancia, o invent\u00e1rio ser\u00e1 encerrado.<\/p>\n<p><a href=\"https:\/\/www1.folha.uol.com.br\/ilustrada\/2022\/11\/morre-gal-costa-uma-das-maiores-vozes-da-musica-brasileira-aos-77-anos.shtml\" rel=\"nofollow noopener\" target=\"\">Gal morreu<\/a> em novembro de 2022, aos 77 anos.<\/p>\n<p>Al\u00e9m dos recursos arrecadados com a venda do im\u00f3vel, a coluna apurou que eles dividiram o valor de dois carros tamb\u00e9m comercializados, e o de outros bens como obras de arte.<\/p>\n<p>Os direitos sobre a arte da cantora ser\u00e3o exclusivos de Gabriel.<\/p>\n<p>A resid\u00eancia fica no <a href=\"https:\/\/f5.folha.uol.com.br\/celebridades\/2025\/11\/casa-de-gal-costa-no-jardim-europa-continua-a-venda-e-tem-desconto-de-r-2-milhoes.shtml\" rel=\"nofollow noopener\" target=\"\">Jardim Europa<\/a>. Com 390 m\u00b2, tem tr\u00eas dormit\u00f3rios, duas vagas na garagem e jardim nos fundos.<\/p>\n<p>Com arquitetura moderna, de tra\u00e7os retos e sem ornamentos, fica numa rua arborizada e tranquila.<\/p>\n<p>Ela foi colocada \u00e0 venda no fim de 2024, por R$ 10 milh\u00f5es. N\u00e3o houve, no entanto, interessados, e o pre\u00e7o foi baixando, at\u00e9 chegar ao valor em que foi agora comercializada.<\/p>\n<p>com <strong>DIEGO ALEJANDRO, JULLIA GOUVEIA e KARINA MATIAS<\/strong> <\/p>\n<p class=\"c-context__content\">&#13;<br \/>\n    <strong>LINK PRESENTE:<\/strong> Gostou deste texto? Assinante pode liberar sete acessos gratuitos de qualquer link por dia. Basta clicar no F azul abaixo.&#13;\n  <\/p>\n","protected":false},"excerpt":{"rendered":"A casa em que Gal Costa passou os \u00faltimos anos de sua vida, em S\u00e3o Paulo, foi vendida&hellip;\n","protected":false},"author":2,"featured_media":495024,"comment_status":"","ping_status":"","sticky":false,"template":"","format":"standard","meta":{"footnotes":"","_share_on_mastodon":"0"},"categories":[145],"tags":[211,210,114,115,236,20826,6050,150,32,33],"class_list":["post-495023","post","type-post","status-publish","format-standard","has-post-thumbnail","category-celebridades","tag-celebridades","tag-celebrities","tag-entertainment","tag-entretenimento","tag-folha","tag-gal-costa","tag-mpb","tag-musica","tag-portugal","tag-pt"],"share_on_mastodon":{"url":"https:\/\/pubeurope.com\/@pt\/117133058135421241","error":""},"_links":{"self":[{"href":"https:\/\/www.europesays.com\/pt\/wp-json\/wp\/v2\/posts\/495023","targetHints":{"allow":["GET"]}}],"collection":[{"href":"https:\/\/www.europesays.com\/pt\/wp-json\/wp\/v2\/posts"}],"about":[{"href":"https:\/\/www.europesays.com\/pt\/wp-json\/wp\/v2\/types\/post"}],"author":[{"embeddable":true,"href":"https:\/\/www.europesays.com\/pt\/wp-json\/wp\/v2\/users\/2"}],"replies":[{"embeddable":true,"href":"https:\/\/www.europesays.com\/pt\/wp-json\/wp\/v2\/comments?post=495023"}],"version-history":[{"count":0,"href":"https:\/\/www.europesays.com\/pt\/wp-json\/wp\/v2\/posts\/495023\/revisions"}],"wp:featuredmedia":[{"embeddable":true,"href":"https:\/\/www.europesays.com\/pt\/wp-json\/wp\/v2\/media\/495024"}],"wp:attachment":[{"href":"https:\/\/www.europesays.com\/pt\/wp-json\/wp\/v2\/media?parent=495023"}],"wp:term":[{"taxonomy":"category","embeddable":true,"href":"https:\/\/www.europesays.com\/pt\/wp-json\/wp\/v2\/categories?post=495023"},{"taxonomy":"post_tag","embeddable":true,"href":"https:\/\/www.europesays.com\/pt\/wp-json\/wp\/v2\/tags?post=495023"}],"curies":[{"name":"wp","href":"https:\/\/api.w.org\/{rel}","templated":true}]}}