{"id":495259,"date":"2026-08-21T14:00:15","date_gmt":"2026-08-21T14:00:15","guid":{"rendered":"https:\/\/www.europesays.com\/pt\/495259\/"},"modified":"2026-08-21T14:00:15","modified_gmt":"2026-08-21T14:00:15","slug":"poco-x8-power-pode-ser-lancado-com-bateria-de-10-000-mah","status":"publish","type":"post","link":"https:\/\/www.europesays.com\/pt\/495259\/","title":{"rendered":"POCO X8 Power pode ser lan\u00e7ado com bateria de 10.000 mAh"},"content":{"rendered":"<p>A <a class=\"lib tg-lib\" href=\"https:\/\/www.oficinadanet.com.br\/xiaomi\" rel=\"nofollow noopener\" target=\"_blank\">Xiaomi<\/a> pode estar se preparando para expandir a linha POCO X8. <a class=\"tg-link-manual\" href=\"https:\/\/www.oficinadanet.com.br\/noticias\/68189-lancamento-xiaomi-poco-x8-pro\" rel=\"nofollow noopener\" target=\"_blank\">Ap\u00f3s lan\u00e7ar o POCO X8 Pro e X8 Pro Max<\/a>, o informante Sanju Choudhary revelou que a fabricante chinesa deve anunciar em breve o <strong>POCO X8 Power<\/strong>. O modelo pode chegar ao mercado como uma vers\u00e3o renomeada do Redmi Note 17 Pro Max, apostando em especifica\u00e7\u00f5es semelhantes, incluindo uma bateria gigantesca de 10.000 mAh.<\/p>\n<p>O que esperar do POCO X8 Power<\/p>\n<p>O POCO X8 Power pode trazer um display <strong>AMOLED <\/strong>de <strong>6,83 polegadas<\/strong> com resolu\u00e7\u00e3o 1.5K, taxa de atualiza\u00e7\u00e3o de <strong>120 Hz<\/strong>, escurecimento PWM de 3.840 Hz e prote\u00e7\u00e3o <strong>Gorilla Glass Victus 2<\/strong>.<\/p>\n<p>Por dentro, temos o processador <strong>Snapdragon 6 Gen 5<\/strong>, acompanhado de mem\u00f3ria <a class=\"lib tg-lib\" href=\"https:\/\/www.oficinadanet.com.br\/onresponde\/65111-o-que-e-memoria-ram-celular\" rel=\"nofollow noopener\" target=\"_blank\">RAM<\/a> LPDDR5X e armazenamento <a class=\"lib tg-lib\" href=\"https:\/\/www.oficinadanet.com.br\/onresponde\/47972-ufs-o-que-diferencas-cada-padrao-memoria\" rel=\"nofollow noopener\" target=\"_blank\">UFS<\/a> 4.0 ou UFS 2.2, dependendo da configura\u00e7\u00e3o.<\/p>\n<blockquote class=\"twitter-tweet\">\n<p lang=\"en\" dir=\"ltr\">Exclusive \u2728 <br \/>POCO X8 Power to launch with 10000mAh battery very soon!!<\/p>\n<p>\u2022 6.83&#8243; 1.5K 120Hz AMOLED<br \/>\u2022 3840hz PWM, GG Victus 2<br \/>\u2022 SD 6 Gen 5<br \/>\u2022 LPDDR5x + UFS 4.0 (UFS 2.2 in lower variant)<br \/>\u2022 50MP Main + 8MP UW<br \/>\u2022 32MP front<br \/>\u2022 10,000mAh <br \/>\u2022 IP68\/69, 8.68mm<br \/>\u2022 4+6 OS updates\u2026<\/p>\n<p>\u2014 Sanju Choudhary (@saaaanjjjuuu) <a href=\"https:\/\/x.com\/saaaanjjjuuu\/status\/2090405336452894737?ref_src=twsrc%5Etfw\" class=\"\" rel=\"nofollow noreferrer noopener\">August 20, 2026<\/a><\/p><\/blockquote>\n<p>Na parte de c\u00e2meras, foi mencionado um sensor <strong>principal de 50 MP<\/strong> e um <strong>ultrawide de 8 MP<\/strong>, enquanto o frontal \u00e9 de<strong> 32 MP<\/strong>.<\/p>\n<p>Um dos grandes destaques \u00e9 a bateria, que pode trazer <strong>10.000 mAh<\/strong> de capacidade e suportar carregamento r\u00e1pido de <strong>100W<\/strong>. Mesmo com esse enorme &#8220;tanque&#8221;, o X8 Power teria apenas 8,68 mm de espessura.<\/p>\n<p>Quanto ao suporte de software, o modelo deve receber <strong>quatro grandes atualiza\u00e7\u00f5es de sistema<\/strong> e <strong>seis anos de pacotes de seguran\u00e7a<\/strong>. Ele tamb\u00e9m deve entregar as certifica\u00e7\u00f5es <strong>IP68 <\/strong>e <strong>IP69 <\/strong>contra \u00e1gua e poeira.<\/p>\n<p>Pre\u00e7o e lan\u00e7amento<\/p>\n<p>Nos coment\u00e1rios da publica\u00e7\u00e3o, o informante mencionou que o POCO X8 Power teria um pre\u00e7o acima de <strong>30.000 r\u00fapias (~R$ 1.624)<\/strong>.<\/p>\n<p>A Xiaomi ainda n\u00e3o confirmou a exist\u00eancia do aparelho, tampouco a data de lan\u00e7amento, mas, se ele for mesmo uma vers\u00e3o rebatizada do Redmi Note 17 Pro Max, <a class=\"tg-link-manual\" href=\"https:\/\/www.oficinadanet.com.br\/smartphones\/71899-redmi-note-17-pro-max-bateria-10000-mah\" rel=\"nofollow noopener\" target=\"_blank\">que ser\u00e1 oficializado em 27 de agosto<\/a>, existe a possibilidade do an\u00fancio ocorrer pouco tempo depois.<\/p>\n<p><a href=\"https:\/\/www.thetechoutlook.com\/tech-whispers\/a-new-poco-x8-power-smartphone-tipped-to-launch-soon-with-a-massive-10000mah-battery\/\" class=\"tg-link-manual\" rel=\"nofollow  noopener\" target=\"_blank\">Via<\/a><\/p>\n","protected":false},"excerpt":{"rendered":"A Xiaomi pode estar se preparando para expandir a linha POCO X8. Ap\u00f3s lan\u00e7ar o POCO X8 Pro&hellip;\n","protected":false},"author":2,"featured_media":495260,"comment_status":"","ping_status":"","sticky":false,"template":"","format":"standard","meta":{"footnotes":"","_share_on_mastodon":"0"},"categories":[84],"tags":[109,107,108,13,79232,32,33,105,103,104,954,106,110,360],"class_list":["post-495259","post","type-post","status-publish","format-standard","has-post-thumbnail","category-ciencia-e-tecnologia","tag-ciencia","tag-ciencia-e-tecnologia","tag-cienciaetecnologia","tag-noticias","tag-poco-x8-power","tag-portugal","tag-pt","tag-science","tag-science-and-technology","tag-scienceandtechnology","tag-smartphones","tag-technology","tag-tecnologia","tag-xiaomi"],"share_on_mastodon":{"url":"https:\/\/pubeurope.com\/@pt\/117133864066278653","error":""},"_links":{"self":[{"href":"https:\/\/www.europesays.com\/pt\/wp-json\/wp\/v2\/posts\/495259","targetHints":{"allow":["GET"]}}],"collection":[{"href":"https:\/\/www.europesays.com\/pt\/wp-json\/wp\/v2\/posts"}],"about":[{"href":"https:\/\/www.europesays.com\/pt\/wp-json\/wp\/v2\/types\/post"}],"author":[{"embeddable":true,"href":"https:\/\/www.europesays.com\/pt\/wp-json\/wp\/v2\/users\/2"}],"replies":[{"embeddable":true,"href":"https:\/\/www.europesays.com\/pt\/wp-json\/wp\/v2\/comments?post=495259"}],"version-history":[{"count":0,"href":"https:\/\/www.europesays.com\/pt\/wp-json\/wp\/v2\/posts\/495259\/revisions"}],"wp:featuredmedia":[{"embeddable":true,"href":"https:\/\/www.europesays.com\/pt\/wp-json\/wp\/v2\/media\/495260"}],"wp:attachment":[{"href":"https:\/\/www.europesays.com\/pt\/wp-json\/wp\/v2\/media?parent=495259"}],"wp:term":[{"taxonomy":"category","embeddable":true,"href":"https:\/\/www.europesays.com\/pt\/wp-json\/wp\/v2\/categories?post=495259"},{"taxonomy":"post_tag","embeddable":true,"href":"https:\/\/www.europesays.com\/pt\/wp-json\/wp\/v2\/tags?post=495259"}],"curies":[{"name":"wp","href":"https:\/\/api.w.org\/{rel}","templated":true}]}}