{"id":495285,"date":"2026-08-21T14:19:13","date_gmt":"2026-08-21T14:19:13","guid":{"rendered":"https:\/\/www.europesays.com\/pt\/495285\/"},"modified":"2026-08-21T14:19:13","modified_gmt":"2026-08-21T14:19:13","slug":"bandeira-vermelha-em-praia-do-porto-santo-gera-alerta-entre-banhistas","status":"publish","type":"post","link":"https:\/\/www.europesays.com\/pt\/495285\/","title":{"rendered":"Bandeira vermelha em praia do Porto Santo gera alerta entre banhistas"},"content":{"rendered":"<p>Foi hasteada, esta sexta-feira, a bandeira vermelha numa praia do Porto Santo, o que deixou os banhistas sob alerta.<\/p>\n<p>Ao JM, um leitor alega que o impedimento da ida a banhos ter\u00e1 ocorrido \u201cna sequ\u00eancia de um vazamento\/descarga de cimento\u201d, embora n\u00e3o tenha sido, para j\u00e1, confirmado o motivo do hastear da bandeira.<\/p>\n<p>\u201cTratando-se de uma ilha cuja praia constitui um dos seus principais patrim\u00f3nios naturais e tur\u00edsticos, considero importante perceber exatamente o que aconteceu, qual a origem e dimens\u00e3o do vazamento, que quantidade de material chegou \u00e0 ao mar e quais poder\u00e3o ser as consequ\u00eancias ambientais\u201d, referiu o nosso interlocutor.<\/p>\n<p><b>Not\u00edcia em atualiza\u00e7\u00e3o.<\/b><\/p>\n","protected":false},"excerpt":{"rendered":"Foi hasteada, esta sexta-feira, a bandeira vermelha numa praia do Porto Santo, o que deixou os banhistas sob&hellip;\n","protected":false},"author":2,"featured_media":495286,"comment_status":"","ping_status":"","sticky":false,"template":"","format":"standard","meta":{"footnotes":"","_share_on_mastodon":"0"},"categories":[10],"tags":[79252,27,28,15,16,14,25,26,21,22,12,13,19,20,39811,32,80,23,24,33,17,18,29,30,31,293],"class_list":["post-495285","post","type-post","status-publish","format-standard","has-post-thumbnail","category-portugal","tag-bandeira-vermelha","tag-breaking-news","tag-breakingnews","tag-featured-news","tag-featurednews","tag-headlines","tag-latest-news","tag-latestnews","tag-main-news","tag-mainnews","tag-news","tag-noticias","tag-noticias-principais","tag-noticiasprincipais","tag-porto-santo","tag-portugal","tag-praia","tag-principais-noticias","tag-principaisnoticias","tag-pt","tag-top-stories","tag-topstories","tag-ultimas","tag-ultimas-noticias","tag-ultimasnoticias","tag-verao"],"share_on_mastodon":{"url":"https:\/\/pubeurope.com\/@pt\/117133939074969264","error":""},"_links":{"self":[{"href":"https:\/\/www.europesays.com\/pt\/wp-json\/wp\/v2\/posts\/495285","targetHints":{"allow":["GET"]}}],"collection":[{"href":"https:\/\/www.europesays.com\/pt\/wp-json\/wp\/v2\/posts"}],"about":[{"href":"https:\/\/www.europesays.com\/pt\/wp-json\/wp\/v2\/types\/post"}],"author":[{"embeddable":true,"href":"https:\/\/www.europesays.com\/pt\/wp-json\/wp\/v2\/users\/2"}],"replies":[{"embeddable":true,"href":"https:\/\/www.europesays.com\/pt\/wp-json\/wp\/v2\/comments?post=495285"}],"version-history":[{"count":0,"href":"https:\/\/www.europesays.com\/pt\/wp-json\/wp\/v2\/posts\/495285\/revisions"}],"wp:featuredmedia":[{"embeddable":true,"href":"https:\/\/www.europesays.com\/pt\/wp-json\/wp\/v2\/media\/495286"}],"wp:attachment":[{"href":"https:\/\/www.europesays.com\/pt\/wp-json\/wp\/v2\/media?parent=495285"}],"wp:term":[{"taxonomy":"category","embeddable":true,"href":"https:\/\/www.europesays.com\/pt\/wp-json\/wp\/v2\/categories?post=495285"},{"taxonomy":"post_tag","embeddable":true,"href":"https:\/\/www.europesays.com\/pt\/wp-json\/wp\/v2\/tags?post=495285"}],"curies":[{"name":"wp","href":"https:\/\/api.w.org\/{rel}","templated":true}]}}