{"id":495489,"date":"2026-08-21T17:17:09","date_gmt":"2026-08-21T17:17:09","guid":{"rendered":"https:\/\/www.europesays.com\/pt\/495489\/"},"modified":"2026-08-21T17:17:09","modified_gmt":"2026-08-21T17:17:09","slug":"quem-bebe-cafe-tem-mais-musculos-menos-gordura-e-diferencas-hormonais-sugere-estudo","status":"publish","type":"post","link":"https:\/\/www.europesays.com\/pt\/495489\/","title":{"rendered":"Quem bebe caf\u00e9 tem mais m\u00fasculos, menos gordura e diferen\u00e7as hormonais, sugere estudo"},"content":{"rendered":"\n<p>\n                Ler Resumo<\/p>\n<ul class=\"resume-list\" id=\"resume-list\" aria-hidden=\"true\">\n<li class=\"section-item section-intro\">\n<p>Introdu\u00e7\u00e3o<\/p>\n<p>Uma nova pesquisa sugere que o consumo de caf\u00e9 pode estar associado a um metabolismo mais eficiente e a uma composi\u00e7\u00e3o corporal mais saud\u00e1vel. O estudo observacional, que envolveu finlandeses, um dos maiores consumidores mundiais da bebida, aponta para potenciais benef\u00edcios adicionais, como menor gordura corporal e melhor perfil hormonal. Descubra os detalhes desta associa\u00e7\u00e3o.<\/p>\n<\/li>\n<li class=\"section-item section-topicos\">\n<ul>\n<li>Caf\u00e9 associado a metabolismo melhor e composi\u00e7\u00e3o corporal saud\u00e1vel.<\/li>\n<li>Pesquisa observacional mostra liga\u00e7\u00e3o, mas n\u00e3o causa e efeito direto.<\/li>\n<li>Estudo realizado na Finl\u00e2ndia, pa\u00eds com alto consumo de caf\u00e9.<\/li>\n<li>Consumidores tinham menos gordura corporal e mais massa muscular.<\/li>\n<li>Varia\u00e7\u00f5es em n\u00edveis hormonais observadas, diferentes para homens e mulheres.<\/li>\n<\/ul>\n<\/li>\n<li class=\"section-item section-info\">\n<p style=\"margin: 0;\">Este resumo foi \u00fatil?<\/p>\n<p>\n                            \ud83d\udc4d<br \/>\ud83d\udc4e\n                        <\/p>\n<p>                    Resumo gerado por ferramenta de IA treinada pela reda\u00e7\u00e3o da Editora Abril.\n                <\/p>\n<\/li>\n<\/ul>\n<p>\u200bO consumo de caf\u00e9 \u00e9 associado a uma s\u00e9rie de benef\u00edcios, como o menor risco de desenvolver diabetes tipo 2 e doen\u00e7as cardiovasculares. Agora, um estudo adiciona novos poss\u00edveis itens nessa lista: um metabolismo melhor e uma composi\u00e7\u00e3o corporal mais saud\u00e1vel.\u00a0<\/p>\n<p>A pesquisa analisou dados de 2.264 finlandeses, todos com 46 anos de idade. A Finl\u00e2ndia \u00e9 o pa\u00eds que mais consome caf\u00e9 no mundo (em n\u00fameros por pessoa), com m\u00e9dia de 12 kg por habitante todos os anos. A bebida, de fato, faz parte da cultura e do cotidiano finland\u00eas, o que torna os resultados mais interessantes, segundo especialistas.\u00a0<\/p>\n<p>\u00c9 importante notar que os resultados mostram uma associa\u00e7\u00e3o, e n\u00e3o uma rela\u00e7\u00e3o de causa e efeito. A pesquisa foi observacional, analisando dados de milhares de pessoas, o que pode gerar ind\u00edcios cient\u00edficos fortes, mas n\u00e3o comprova causalidade. \u00c9 poss\u00edvel que outros fatores entrem na jogada al\u00e9m da bebida.<\/p>\n<p><b>Viciados em cafe\u00edna<\/b><\/p>\n<p>Entre os participantes da pesquisa, publicada na <\/p>\n<p>    Continua ap\u00f3s a publicidade<\/p>\n<p><a href=\"https:\/\/link.springer.com\/article\/10.1007\/s00394-026-04038-z\" rel=\"nofollow noopener\" target=\"_blank\">revista European Journal of Nutrition<\/a>, os que bebiam caf\u00e9 tinham n\u00edveis mais baixos de gordura corporal e maior massa muscular esquel\u00e9tica, em m\u00e9dia. Esse padr\u00e3o se mantinha mesmo quando a compara\u00e7\u00e3o era feita apenas com pessoas com \u00cdndice de Massa Corporal (IMC) parecidos.<\/p>\n<p>Os f\u00e3s de carteirinha, que tiveram o maior consumo de caf\u00e9 entre o grupo estudado, demonstraram at\u00e9 mesmo concentra\u00e7\u00f5es mais baixas de amino\u00e1cidos de cadeia ramificada. Essas mol\u00e9culas s\u00e3o associadas \u00e0 resist\u00eancia \u00e0 insulina e a um maior risco de desenvolver diabetes tipo 2.<\/p>\n<p>Como fazer o caf\u00e9 perfeito? Veja 9 dicas<\/p>\n<p>    Continua ap\u00f3s a publicidade<\/p>\n<p><b>N\u00edveis hormonais\u00a0<\/b><\/p>\n<p>Algumas das diferen\u00e7as mais claras na pesquisa foram observadas nos n\u00edveis hormonais. Os homens que mais consumiam caf\u00e9 apresentaram n\u00edveis mais elevados de testosterona e de globulina ligadora de horm\u00f4nios sexuais (SHBG) \u2013 prote\u00edna respons\u00e1vel por regular a quantidade de horm\u00f4nios livres e ativos dispon\u00edveis para o corpo.\u00a0<\/p>\n<p>Por outro lado, a testosterona livre (que circula no sangue e representa 2% a 3% do total do horm\u00f4nio) estava mais baixa entre eles.<\/p>\n<p>J\u00e1 para as mulheres, houve mudan\u00e7as menores. O maior consumo de caf\u00e9 estava associado principalmente a n\u00edveis mais elevados de SHBG e a valores mais baixos de testosterona ativa e livre no sangue.\u00a0<\/p>\n<p>    Continua ap\u00f3s a publicidade<\/p>\n<p>\u201cO que se destacou em nossas descobertas foi uma assinatura hormonal distinta, que persistiu mesmo ap\u00f3s considerarmos o IMC e fatores relacionados ao estilo de vida, sendo que v\u00e1rias dessas associa\u00e7\u00f5es diferiram entre homens e mulheres\u201d, afirma Luca Verroest, autor do estudo, \u00e0 <a href=\"https:\/\/www.sciencedaily.com\/releases\/2026\/08\/260819041228.htm\" rel=\"nofollow noopener\" target=\"_blank\">ScienceDaily<\/a>.<\/p>\n<p>Para pesquisadores, os resultados s\u00e3o um ponto de partida para que futuras pesquisas possam determinar se, de fato, o caf\u00e9 provoca essas altera\u00e7\u00f5es biol\u00f3gicas. Atualmente, a maioria das pesquisas utilizam modelos animais, com o objetivo de, a longo prazo, avan\u00e7ar para estudos em humanos.<\/p>\n<p>    Continua ap\u00f3s a publicidade<\/p>\n<p>AS MAIS LIDAS DA SEMANA<\/p>\n<p>\n                            Toda sexta, uma sele\u00e7\u00e3o das reportagens que mais bombaram no site da Super ao longo da semana.<br \/>\n                                <strong><br \/>\n                                    Inscreva-se aqui<br \/>\n                                <\/strong><\/p>\n<p>                            Cadastro efetuado com sucesso!<\/p>\n<p>Voc\u00ea receber\u00e1 nossas newsletters pela manh\u00e3 de segunda a sexta-feira.<\/p>\n","protected":false},"excerpt":{"rendered":"Ler Resumo Introdu\u00e7\u00e3o Uma nova pesquisa sugere que o consumo de caf\u00e9 pode estar associado a um metabolismo&hellip;\n","protected":false},"author":2,"featured_media":495490,"comment_status":"","ping_status":"","sticky":false,"template":"","format":"standard","meta":{"footnotes":"","_share_on_mastodon":"0"},"categories":[86],"tags":[17781,2373,14614,116,4969,32,33,117],"class_list":["post-495489","post","type-post","status-publish","format-standard","has-post-thumbnail","category-saude","tag-beneficios","tag-cafe","tag-cafeina","tag-health","tag-musculo","tag-portugal","tag-pt","tag-saude"],"share_on_mastodon":{"url":"","error":""},"_links":{"self":[{"href":"https:\/\/www.europesays.com\/pt\/wp-json\/wp\/v2\/posts\/495489","targetHints":{"allow":["GET"]}}],"collection":[{"href":"https:\/\/www.europesays.com\/pt\/wp-json\/wp\/v2\/posts"}],"about":[{"href":"https:\/\/www.europesays.com\/pt\/wp-json\/wp\/v2\/types\/post"}],"author":[{"embeddable":true,"href":"https:\/\/www.europesays.com\/pt\/wp-json\/wp\/v2\/users\/2"}],"replies":[{"embeddable":true,"href":"https:\/\/www.europesays.com\/pt\/wp-json\/wp\/v2\/comments?post=495489"}],"version-history":[{"count":0,"href":"https:\/\/www.europesays.com\/pt\/wp-json\/wp\/v2\/posts\/495489\/revisions"}],"wp:featuredmedia":[{"embeddable":true,"href":"https:\/\/www.europesays.com\/pt\/wp-json\/wp\/v2\/media\/495490"}],"wp:attachment":[{"href":"https:\/\/www.europesays.com\/pt\/wp-json\/wp\/v2\/media?parent=495489"}],"wp:term":[{"taxonomy":"category","embeddable":true,"href":"https:\/\/www.europesays.com\/pt\/wp-json\/wp\/v2\/categories?post=495489"},{"taxonomy":"post_tag","embeddable":true,"href":"https:\/\/www.europesays.com\/pt\/wp-json\/wp\/v2\/tags?post=495489"}],"curies":[{"name":"wp","href":"https:\/\/api.w.org\/{rel}","templated":true}]}}