{"id":495675,"date":"2026-08-21T20:24:25","date_gmt":"2026-08-21T20:24:25","guid":{"rendered":"https:\/\/www.europesays.com\/pt\/495675\/"},"modified":"2026-08-21T20:24:25","modified_gmt":"2026-08-21T20:24:25","slug":"o-casal-abracado-ha-12-mil-anos-era-afinal-mae-e-filha","status":"publish","type":"post","link":"https:\/\/www.europesays.com\/pt\/495675\/","title":{"rendered":"O &#8220;casal&#8221; abra\u00e7ado h\u00e1 12 mil anos era afinal m\u00e3e e filha"},"content":{"rendered":"<p class=\"wp-caption-text top\">Adrian Daly<\/p>\n<p><img loading=\"eager\" fetchpriority=\"high\" decoding=\"async\" class=\"size-kopa-image-size-3 wp-image-760808\" src=\"https:\/\/www.europesays.com\/pt\/wp-content\/uploads\/2026\/08\/1679091c5a880faf6fb5e6087eb1b2dc-11-783x450.jpg\" alt=\"\" width=\"700\" height=\"402\"  \/><\/p>\n<p class=\"wp-caption-text bot\">Romito 1 e Romito 2, provavelmente m\u00e3e e filha, foram sepultadas juntas h\u00e1 cerca de 12.000 anos no sul de It\u00e1lia<\/p>\n<p><strong>Um abra\u00e7o com 12.000 anos, durante d\u00e9cadas interpretado como sendo o de um homem e uma mulher, conta afinal uma hist\u00f3ria diferente: uma an\u00e1lise gen\u00e9tica revelou que se tratava afinal de duas mulheres, uma das quais com uma doen\u00e7a heredit\u00e1ria rara que continua a afetar fam\u00edlias nos nossos dias.<\/strong><\/p>\n<p>Em 1963, uma equipa de arque\u00f3logos que trabalhava na <strong>Gruta de Romito<\/strong>, na Cal\u00e1bria, no sul de It\u00e1lia, descobriu uma sepultura paleol\u00edtica com dois indiv\u00edduos enterrados juntos h\u00e1 cerca de 12.000 anos, t\u00e3o pr\u00f3ximos que parecem estar abra\u00e7ados.<\/p>\n<p>Durante d\u00e9cadas, os cientistas consideraram que o mais pequeno dos esqueletos seria o de um jovem com uma forma de <strong>nanismo<\/strong>, devido \u00e0 forma e \u00e0s propor\u00e7\u00f5es dos ossos.<\/p>\n<p>Essa interpreta\u00e7\u00e3o foi agora contrariada.<\/p>\n<p>Uma equipa liderada por <strong>Daniel Fernandes<\/strong>, da Universidade de Coimbra, em colabora\u00e7\u00e3o com <strong>Ron Pinhasi<\/strong>, da Universidade de Viena, <strong>Adrian Daly<\/strong>, do Centro Hospitalar Universit\u00e1rio de Li\u00e8ge, e <strong>Alfredo Coppa,<\/strong> da Universidade Sapienza de Roma, extraiu e sequenciou ADN antigo dos dois esqueletos.<\/p>\n<p>Os resultados do <a href=\"https:\/\/www.nejm.org\/doi\/full\/10.1056\/NEJMc2513616\" data-wpel-link=\"external\" rel=\"noopener nofollow\" class=\"ext-link\" target=\"_blank\">estudo<\/a>, publicados em janeiro no New England Journal of Medicine, mostraram que ambos os indiv\u00edduos eram do sexo feminino e que tinham uma rela\u00e7\u00e3o de parentesco pr\u00f3xima, muito provavelmente m\u00e3e e filha.<\/p>\n<p>A determina\u00e7\u00e3o do sexo a partir apenas da forma dos ossos sempre implicou alguma margem de erro, sobretudo em indiv\u00edduos que morreram jovens ou cujos esqueletos est\u00e3o incompletos.<\/p>\n<p>O esqueleto <strong>Romito 2<\/strong>, o mais pequeno, encontrava-se suficientemente perto dessa margem para que a interpreta\u00e7\u00e3o original de \u201cjovem do sexo masculino\u201d fosse, na altura, razo\u00e1vel.<\/p>\n<p>A <strong>an\u00e1lise de ADN<\/strong> n\u00e3o tem a mesma ambiguidade, e deu \u00e0 equipa duas respostas de uma s\u00f3 vez: o sexo dos dois indiv\u00edduos e, atrav\u00e9s do padr\u00e3o de marcadores gen\u00e9ticos partilhados, a rela\u00e7\u00e3o familiar entre ambos.<\/p>\n<p>O ADN identificou tamb\u00e9m algo que as propor\u00e7\u00f5es do esqueleto j\u00e1 sugeriam, mas que por si s\u00f3 n\u00e3o conseguiam confirmar: uma muta\u00e7\u00e3o no <strong>gene NPR2<\/strong>.<\/p>\n<p>Na mais nova das mulheres, a muta\u00e7\u00e3o estava presente nas duas c\u00f3pias do gene.<\/p>\n<p>Trata-se de uma variante homozig\u00f3tica que causa <strong>displasia acromesom\u00e9lica<\/strong> de tipo Maroteaux, uma doen\u00e7a heredit\u00e1ria rara que provoca baixa estatura acentuada e membros mais curtos, principalmente nos antebra\u00e7os e na parte inferior das pernas.<\/p>\n<p>A mulher mais velha, a m\u00e3e, tinha uma c\u00f3pia da mesma muta\u00e7\u00e3o. Esta forma heterozig\u00f3tica est\u00e1 associada a uma forma mais ligeira de <strong>baixa estatura<\/strong>.<\/p>\n<p>A displasia acromesom\u00e9lica de tipo Maroteaux continua a ser um diagn\u00f3stico reconhecido pela gen\u00e9tica cl\u00ednica moderna e \u00e9 causada por muta\u00e7\u00f5es que afetam o papel do gene NPR2 na regula\u00e7\u00e3o do crescimento \u00f3sseo.<\/p>\n<p>As crian\u00e7as que hoje nascem com esta doen\u00e7a s\u00e3o identificadas atrav\u00e9s de testes gen\u00e9ticos do mesmo tipo que permitiu encontr\u00e1-la num esqueleto com 12.000 anos.<\/p>\n<p>A descoberta de Romito comprova que esta doen\u00e7a j\u00e1 existia h\u00e1 pelo menos 12.000 anos.<\/p>\n<p>Mostra tamb\u00e9m que um portador do gene tem uma forma ligeira da malforma\u00e7\u00e3o, enquanto um filho que herda as duas c\u00f3pias desenvolve uma forma mais grave.<\/p>\n<p>\u201cCom a an\u00e1lise de ADN antigo, podemos agora identificar muta\u00e7\u00f5es espec\u00edficas em indiv\u00edduos pr\u00e9-hist\u00f3ricos\u201d, afirmou Pinhasi, em <a href=\"https:\/\/www.univie.ac.at\/en\/news\/press-room\/press-releases\/detail\/ancient-dna-reveals-12000-year-old-case-of-rare-genetic-disease\" data-wpel-link=\"external\" rel=\"noopener nofollow\" class=\"ext-link\" target=\"_blank\">comunicado<\/a> da Universidade de Viena.<\/p>\n<p>Os padr\u00f5es de desgaste e a an\u00e1lise da dieta do esqueleto da jovem indicam que viveu at\u00e9 ao final da adolesc\u00eancia. A sua alimenta\u00e7\u00e3o e condi\u00e7\u00e3o nutricional eram, de um modo geral, compar\u00e1veis \u00e0s dos outros indiv\u00edduos encontrados na mesma gruta, sem sinais de priva\u00e7\u00e3o cr\u00f3nica.<\/p>\n<p>Segundo Alfredo Coppa, o grupo em que vivia ter\u00e1 provavelmente ajudado a jovem a deslocar-se e a obter alimentos numa vida exigente de ca\u00e7adores-recoletores, em vez de a deixar sobreviver \u00e0 margem da comunidade.<\/p>\n<p>\u201cPartimos do princ\u00edpio de que os seus companheiros cuidavam bem dela; ajudavam-na a encontrar alimentos e apoiavam a sua mobilidade durante desloca\u00e7\u00f5es peri\u00f3dicas num ambiente duro e exigente\u201d, afirmou.<\/p>\n<p>Esta conclus\u00e3o deve ser encarada com prud\u00eancia e n\u00e3o como um facto estabelecido, mas\u00a0 \u00e9 compat\u00edvel com um conjunto pequeno, mas crescente, de ind\u00edcios que sugerem que uma diferen\u00e7a f\u00edsica vis\u00edvel n\u00e3o implicava necessariamente a exclus\u00e3o da vida quotidiana do grupo \u2014 pelo menos n\u00e3o em todos os casos que os arque\u00f3logos conseguiram estudar de perto.<\/p>\n<p>Entretanto, vale a pena perceber porque \u00e9 que a interpreta\u00e7\u00e3o original de \u201cjovem do sexo masculino\u201d se manteve durante tanto tempo, diz o <a href=\"https:\/\/scienceblog.com\/n-two-skeletons-buried-in-an-embrace\/\" data-wpel-link=\"external\" rel=\"noopener nofollow\" class=\"ext-link\" target=\"_blank\">Science Blog<\/a>.<\/p>\n<p>Determinar o sexo a partir de um esqueleto incompleto ou juvenil \u00e9 bastante dif\u00edcil, e a pr\u00f3pria perturba\u00e7\u00e3o do crescimento teria alterado algumas das propor\u00e7\u00f5es em que os investigadores normalmente se baseiam para fazer essa avalia\u00e7\u00e3o.<\/p>\n<p>O que aconteceu neste caso foi a <strong>aplica\u00e7\u00e3o de um m\u00e9todo muito mais recente<\/strong> a uma descoberta antiga, que corrige dois factos espec\u00edficos, o sexo e o parentesco do que at\u00e9 agora era tido como sendo um \u201ccasal abra\u00e7ado\u201d.<\/p>\n<p>E o abra\u00e7o, seja qual for o significado que teve para quem disp\u00f4s os corpos daquela forma, permanece exatamente como foi encontrado.<\/p>\n","protected":false},"excerpt":{"rendered":"Adrian Daly Romito 1 e Romito 2, provavelmente m\u00e3e e filha, foram sepultadas juntas h\u00e1 cerca de 12.000&hellip;\n","protected":false},"author":2,"featured_media":495676,"comment_status":"","ping_status":"","sticky":false,"template":"","format":"standard","meta":{"footnotes":"","_share_on_mastodon":"0"},"categories":[50],"tags":[2216,3504,27,28,15,16,2217,14,25,26,21,22,62,12,13,19,20,8666,30778,23,24,17,18,29,30,31,63,64,65],"class_list":["post-495675","post","type-post","status-publish","format-standard","has-post-thumbnail","category-mundo","tag-adn","tag-arqueologia","tag-breaking-news","tag-breakingnews","tag-featured-news","tag-featurednews","tag-genetica","tag-headlines","tag-latest-news","tag-latestnews","tag-main-news","tag-mainnews","tag-mundo","tag-news","tag-noticias","tag-noticias-principais","tag-noticiasprincipais","tag-paleoantropologia","tag-paleomorfologia","tag-principais-noticias","tag-principaisnoticias","tag-top-stories","tag-topstories","tag-ultimas","tag-ultimas-noticias","tag-ultimasnoticias","tag-world","tag-world-news","tag-worldnews"],"share_on_mastodon":{"url":"https:\/\/pubeurope.com\/@pt\/117135374799510493","error":""},"_links":{"self":[{"href":"https:\/\/www.europesays.com\/pt\/wp-json\/wp\/v2\/posts\/495675","targetHints":{"allow":["GET"]}}],"collection":[{"href":"https:\/\/www.europesays.com\/pt\/wp-json\/wp\/v2\/posts"}],"about":[{"href":"https:\/\/www.europesays.com\/pt\/wp-json\/wp\/v2\/types\/post"}],"author":[{"embeddable":true,"href":"https:\/\/www.europesays.com\/pt\/wp-json\/wp\/v2\/users\/2"}],"replies":[{"embeddable":true,"href":"https:\/\/www.europesays.com\/pt\/wp-json\/wp\/v2\/comments?post=495675"}],"version-history":[{"count":0,"href":"https:\/\/www.europesays.com\/pt\/wp-json\/wp\/v2\/posts\/495675\/revisions"}],"wp:featuredmedia":[{"embeddable":true,"href":"https:\/\/www.europesays.com\/pt\/wp-json\/wp\/v2\/media\/495676"}],"wp:attachment":[{"href":"https:\/\/www.europesays.com\/pt\/wp-json\/wp\/v2\/media?parent=495675"}],"wp:term":[{"taxonomy":"category","embeddable":true,"href":"https:\/\/www.europesays.com\/pt\/wp-json\/wp\/v2\/categories?post=495675"},{"taxonomy":"post_tag","embeddable":true,"href":"https:\/\/www.europesays.com\/pt\/wp-json\/wp\/v2\/tags?post=495675"}],"curies":[{"name":"wp","href":"https:\/\/api.w.org\/{rel}","templated":true}]}}