{"id":496121,"date":"2026-08-22T06:51:22","date_gmt":"2026-08-22T06:51:22","guid":{"rendered":"https:\/\/www.europesays.com\/pt\/496121\/"},"modified":"2026-08-22T06:51:22","modified_gmt":"2026-08-22T06:51:22","slug":"ex-gremio-treinou-atriz-para-viver-marta-no-cinema-filme-para-valorizar-o-futebol-feminino","status":"publish","type":"post","link":"https:\/\/www.europesays.com\/pt\/496121\/","title":{"rendered":"Ex-Gr\u00eamio treinou atriz para viver Marta no cinema: &#8220;Filme para valorizar o futebol feminino&#8221;\u00a0"},"content":{"rendered":"<p>A cinebiografia oficial da jogadora <strong>Marta<\/strong> tem estreia nos cinemas marcada para 8 de abril de 2027, antecedendo a <strong>Copa do Mundo de Futebol Feminino no Brasil<\/strong>.\u00a0<\/p>\n<p>O longa \u00e9 estrelado pela atriz<strong> Alice Carvalho<\/strong> e dirigido por Andrucha Waddington. O novo epis\u00f3dio do <strong>Resenha das Gurias <\/strong>entrevista a ex-treinadora do Gr\u00eamio<strong> Thaissan Passos<\/strong>, respons\u00e1vel por preparar a protagonista para o papel.<\/p>\n<p><img decoding=\"async\" class=\"w-fit lg:w-full\" loading=\"eager\" src=\"https:\/\/www.europesays.com\/pt\/wp-content\/uploads\/2026\/08\/6176033_79ad2b1228b2d80.jpg\" title=\"Reprodu\u00e7\u00e3o Instagram \/ @carvalhoalice\" alt=\"Reprodu\u00e7\u00e3o Instagram \/ @carvalhoalice\" width=\"700\" height=\"477\" fetchpriority=\"auto\"\/>Alice Carvalho interpresa a protagonista Marta.Reprodu\u00e7\u00e3o Instagram \/ @carvalhoalice<\/p>\n<p>No epis\u00f3dio, Thaissan revela como foi a prepara\u00e7\u00e3o, a rela\u00e7\u00e3o com a atriz Alice Carvalho e a expectativa para o filme.<\/p>\n<p>O <strong>Resenha das Gurias<\/strong> tem epis\u00f3dio in\u00e9dito sobre futebol feminino toda semana. O podcast pode ser acessado pelas principais plataformas de \u00e1udio, como Spotify e Deezer, al\u00e9m do site e aplicativo de <strong>GZH<\/strong>.<\/p>\n","protected":false},"excerpt":{"rendered":"A cinebiografia oficial da jogadora Marta tem estreia nos cinemas marcada para 8 de abril de 2027, antecedendo&hellip;\n","protected":false},"author":2,"featured_media":496122,"comment_status":"","ping_status":"","sticky":false,"template":"","format":"standard","meta":{"footnotes":"","_share_on_mastodon":"0"},"categories":[145],"tags":[2088,211,210,79380,114,115,2388,803,32,33,79379,578],"class_list":["post-496121","post","type-post","status-publish","format-standard","has-post-thumbnail","category-celebridades","tag-audio","tag-celebridades","tag-celebrities","tag-destaque-esporte","tag-entertainment","tag-entretenimento","tag-futebol-feminino","tag-podcast","tag-portugal","tag-pt","tag-resenha-das-gurias","tag-video"],"share_on_mastodon":{"url":"https:\/\/pubeurope.com\/@pt\/117137840356495051","error":""},"_links":{"self":[{"href":"https:\/\/www.europesays.com\/pt\/wp-json\/wp\/v2\/posts\/496121","targetHints":{"allow":["GET"]}}],"collection":[{"href":"https:\/\/www.europesays.com\/pt\/wp-json\/wp\/v2\/posts"}],"about":[{"href":"https:\/\/www.europesays.com\/pt\/wp-json\/wp\/v2\/types\/post"}],"author":[{"embeddable":true,"href":"https:\/\/www.europesays.com\/pt\/wp-json\/wp\/v2\/users\/2"}],"replies":[{"embeddable":true,"href":"https:\/\/www.europesays.com\/pt\/wp-json\/wp\/v2\/comments?post=496121"}],"version-history":[{"count":0,"href":"https:\/\/www.europesays.com\/pt\/wp-json\/wp\/v2\/posts\/496121\/revisions"}],"wp:featuredmedia":[{"embeddable":true,"href":"https:\/\/www.europesays.com\/pt\/wp-json\/wp\/v2\/media\/496122"}],"wp:attachment":[{"href":"https:\/\/www.europesays.com\/pt\/wp-json\/wp\/v2\/media?parent=496121"}],"wp:term":[{"taxonomy":"category","embeddable":true,"href":"https:\/\/www.europesays.com\/pt\/wp-json\/wp\/v2\/categories?post=496121"},{"taxonomy":"post_tag","embeddable":true,"href":"https:\/\/www.europesays.com\/pt\/wp-json\/wp\/v2\/tags?post=496121"}],"curies":[{"name":"wp","href":"https:\/\/api.w.org\/{rel}","templated":true}]}}