{"id":49621,"date":"2025-08-29T03:57:14","date_gmt":"2025-08-29T03:57:14","guid":{"rendered":"https:\/\/www.europesays.com\/pt\/49621\/"},"modified":"2025-08-29T03:57:14","modified_gmt":"2025-08-29T03:57:14","slug":"al-ittihad-procura-acordo-com-outro-jogador","status":"publish","type":"post","link":"https:\/\/www.europesays.com\/pt\/49621\/","title":{"rendered":"Al Ittihad procura acordo com outro jogador"},"content":{"rendered":"<p><strong>Rodrigo Mora estava a ser alvo do interesse do Al Ittihad, mas o emblema \u00e1rabe n\u00e3o apresentou mais nenhuma oferta ao FC Porto.<\/strong><\/p>\n<p>Rodrigo Mora n\u00e3o dever\u00e1 ser refor\u00e7o do Al Ittihad neste mercado de transfer\u00eancias. Segundo o jornal A Bola, o emblema saudita n\u00e3o apresentou mais nenhuma proposta ao FC Porto pela jovem promessa, com Andr\u00e9 Villas-Boas a querer 70 milh\u00f5es de euros para aceitar a sa\u00edda do jogador.<\/p>\n<p>O Al Ittihad est\u00e1 atento a Pedro, extremo do Zenit que tem um custo de 35 milh\u00f5es de euros, metade do valor da cl\u00e1usula de rescis\u00e3o de Rodrigo Mora, que \u00e9 considerado como demasiado cara.<\/p>\n<p>Rodrigo Mora tem 18 anos e n\u00e3o \u00e9 um dos jogadores mais utilizados por<a href=\"https:\/\/bolanarede.pt\/etiqueta\/francesco-farioli\/\" target=\"_blank\" rel=\"noreferrer noopener nofollow\"> Francesco Farioli<\/a>, somando dois encontros, sem qualquer golo marcado. <\/p>\n","protected":false},"excerpt":{"rendered":"Rodrigo Mora estava a ser alvo do interesse do Al Ittihad, mas o emblema \u00e1rabe n\u00e3o apresentou mais&hellip;\n","protected":false},"author":2,"featured_media":46892,"comment_status":"","ping_status":"","sticky":false,"template":"","format":"standard","meta":{"footnotes":""},"categories":[8],"tags":[2120,260,27,28,478,282,15,16,14,25,26,21,22,12,13,19,20,14646,32,479,23,24,33,2435,17,18,29,30,31],"class_list":{"0":"post-49621","1":"post","2":"type-post","3":"status-publish","4":"format-standard","5":"has-post-thumbnail","7":"category-principais-noticias","8":"tag-al-ittihad","9":"tag-atualidade","10":"tag-breaking-news","11":"tag-breakingnews","12":"tag-destaques-bnr","13":"tag-fc-porto","14":"tag-featured-news","15":"tag-featurednews","16":"tag-headlines","17":"tag-latest-news","18":"tag-latestnews","19":"tag-main-news","20":"tag-mainnews","21":"tag-news","22":"tag-noticias","23":"tag-noticias-principais","24":"tag-noticiasprincipais","25":"tag-pedro","26":"tag-portugal","27":"tag-primeira-liga","28":"tag-principais-noticias","29":"tag-principaisnoticias","30":"tag-pt","31":"tag-rodrigo-mora","32":"tag-top-stories","33":"tag-topstories","34":"tag-ultimas","35":"tag-ultimas-noticias","36":"tag-ultimasnoticias"},"share_on_mastodon":{"url":"","error":""},"_links":{"self":[{"href":"https:\/\/www.europesays.com\/pt\/wp-json\/wp\/v2\/posts\/49621","targetHints":{"allow":["GET"]}}],"collection":[{"href":"https:\/\/www.europesays.com\/pt\/wp-json\/wp\/v2\/posts"}],"about":[{"href":"https:\/\/www.europesays.com\/pt\/wp-json\/wp\/v2\/types\/post"}],"author":[{"embeddable":true,"href":"https:\/\/www.europesays.com\/pt\/wp-json\/wp\/v2\/users\/2"}],"replies":[{"embeddable":true,"href":"https:\/\/www.europesays.com\/pt\/wp-json\/wp\/v2\/comments?post=49621"}],"version-history":[{"count":0,"href":"https:\/\/www.europesays.com\/pt\/wp-json\/wp\/v2\/posts\/49621\/revisions"}],"wp:featuredmedia":[{"embeddable":true,"href":"https:\/\/www.europesays.com\/pt\/wp-json\/wp\/v2\/media\/46892"}],"wp:attachment":[{"href":"https:\/\/www.europesays.com\/pt\/wp-json\/wp\/v2\/media?parent=49621"}],"wp:term":[{"taxonomy":"category","embeddable":true,"href":"https:\/\/www.europesays.com\/pt\/wp-json\/wp\/v2\/categories?post=49621"},{"taxonomy":"post_tag","embeddable":true,"href":"https:\/\/www.europesays.com\/pt\/wp-json\/wp\/v2\/tags?post=49621"}],"curies":[{"name":"wp","href":"https:\/\/api.w.org\/{rel}","templated":true}]}}