{"id":496212,"date":"2026-08-22T08:56:16","date_gmt":"2026-08-22T08:56:16","guid":{"rendered":"https:\/\/www.europesays.com\/pt\/496212\/"},"modified":"2026-08-22T08:56:16","modified_gmt":"2026-08-22T08:56:16","slug":"turquia-pede-detencao-de-netanyahu-atraves-da-interpol","status":"publish","type":"post","link":"https:\/\/www.europesays.com\/pt\/496212\/","title":{"rendered":"Turquia pede deten\u00e7\u00e3o de Netanyahu atrav\u00e9s da Interpol"},"content":{"rendered":"\n<p>&#13;<br \/>\nAl\u00e9m de Netanyahu, foi feito um pedido id\u00eantico em nome do israelita Afek Moskovitch, tamb\u00e9m inclu\u00eddo no processo da justi\u00e7a turca sobre a interce\u00e7\u00e3o e deten\u00e7\u00e3o de ativistas da flotilha. &#13;\n<\/p>\n<p>&#13;<br \/>\nA documenta\u00e7\u00e3o processual foi enviada ao Minist\u00e9rio dos Neg\u00f3cios Estrangeiros para notifica\u00e7\u00e3o da Interpol, anunciou o ministro da Justi\u00e7a turco, Akin Gurlek, de acordo com as ag\u00eancias turca Anadolu e France-Presse (AFP).&#13;\n<\/p>\n<p>&#13;<br \/>\n&#8220;Em conformidade com os mandados de captura emitidos em 14 de julho de 2026 contra Benjamin Netanyahu e Afek Moskovitch por `genoc\u00eddio`, o Minist\u00e9rio da Justi\u00e7a pediu ao Minist\u00e9rio do Interior que emita avisos vermelhos com vista \u00e0 sua deten\u00e7\u00e3o internacional&#8221;, afirmou.&#13;\n<\/p>\n<p>&#13;<br \/>\nGurlek precisou que Netanyahu e Moskovitch s\u00e3o processados por &#8220;crimes contra a humanidade, genoc\u00eddio, priva\u00e7\u00e3o agravada de liberdade, agress\u00e3o agravada, tortura, destrui\u00e7\u00e3o de bens, pilhagem agravada e desvio de ve\u00edculos de transporte&#8221;.&#13;\n<\/p>\n<p>&#13;<br \/>\n&#8220;N\u00e3o aceitamos de modo algum a no\u00e7\u00e3o de que o Governo de Netanyahu, que est\u00e1 a seguir uma pol\u00edtica de genoc\u00eddio em Gaza, seja intoc\u00e1vel e inimput\u00e1vel&#8221;, disse o ministro turco.&#13;\n<\/p>\n<p>&#13;<br \/>\nMais de 400 ativistas, incluindo portugueses, da meia centena de barcos da flotilha intercetados em maio pelo ex\u00e9rcito israelita no Mediterr\u00e2neo, a oeste de Chipre, foram levados \u00e0 for\u00e7a para Israel.&#13;\n<\/p>\n<p>&#13;<br \/>\nFicaram detidos na pris\u00e3o de Ktziot (sul) antes de serem expulsos.&#13;\n<\/p>\n<p>&#13;<br \/>\nOs ativistas da &#8220;Global Sumud Flotilla&#8221; (`sumud` significa resili\u00eancia em \u00e1rabe) queriam chamar a aten\u00e7\u00e3o para a situa\u00e7\u00e3o humanit\u00e1ria na Faixa de Gaza, devastada por mais de dois anos de guerra, rompendo o bloqueio mar\u00edtimo imposto por Israel.&#13;\n<\/p>\n<p>&#13;<br \/>\nEm abril, uma flotilha para Gaza anterior j\u00e1 tinha sido intercetada por Israel ao largo da Gr\u00e9cia.&#13;\n<\/p>\n<p>&#13;<br \/>\nO ministro da Seguran\u00e7a Nacional israelita, Itamar Ben Gvir, de extrema-direita, provocou indigna\u00e7\u00e3o no pr\u00f3prio Governo de Israel e a n\u00edvel internacional ao divulgar um v\u00eddeo de ativistas da flotilha ajoelhados e com as m\u00e3os atadas.&#13;\n<\/p>\n<p>&#13;<br \/>\n&#8220;N\u00e3o permitiremos que os crimes cometidos em Gaza sejam encobertos, nem permitiremos que os respons\u00e1veis fiquem impunes. (&#8230;) Usaremos resolutamente todos os meios dispon\u00edveis no \u00e2mbito do direito nacional e internacional&#8221;, disse Gurlek.&#13;\n<\/p>\n<p>&#13;<br \/>\nO ministro reafirmou o apoio da Turquia ao povo da Palestina e assegurou que Ancara tomar\u00e1 &#8220;todas as medidas necess\u00e1rias para garantir que aqueles que cometem crimes contra a humanidade sejam responsabilizados perante a lei&#8221;.&#13;<\/p>\n","protected":false},"excerpt":{"rendered":"&#13; Al\u00e9m de Netanyahu, foi feito um pedido id\u00eantico em nome do israelita Afek Moskovitch, tamb\u00e9m inclu\u00eddo no&hellip;\n","protected":false},"author":2,"featured_media":496213,"comment_status":"","ping_status":"","sticky":false,"template":"","format":"standard","meta":{"footnotes":"","_share_on_mastodon":"0"},"categories":[50],"tags":[79396,79394,27,28,5719,15,16,14,79393,79395,25,26,21,22,62,12,13,19,20,23,24,17445,17,18,29,30,31,63,64,65],"class_list":["post-496212","post","type-post","status-publish","format-standard","has-post-thumbnail","category-mundo","tag-anadolu","tag-benjamin-netanyahu-afek-moskovitch","tag-breaking-news","tag-breakingnews","tag-faixa","tag-featured-news","tag-featurednews","tag-headlines","tag-interpol-ancara","tag-ktziot","tag-latest-news","tag-latestnews","tag-main-news","tag-mainnews","tag-mundo","tag-news","tag-noticias","tag-noticias-principais","tag-noticiasprincipais","tag-principais-noticias","tag-principaisnoticias","tag-sumud-flotilla","tag-top-stories","tag-topstories","tag-ultimas","tag-ultimas-noticias","tag-ultimasnoticias","tag-world","tag-world-news","tag-worldnews"],"share_on_mastodon":{"url":"https:\/\/pubeurope.com\/@pt\/117138331155473161","error":""},"_links":{"self":[{"href":"https:\/\/www.europesays.com\/pt\/wp-json\/wp\/v2\/posts\/496212","targetHints":{"allow":["GET"]}}],"collection":[{"href":"https:\/\/www.europesays.com\/pt\/wp-json\/wp\/v2\/posts"}],"about":[{"href":"https:\/\/www.europesays.com\/pt\/wp-json\/wp\/v2\/types\/post"}],"author":[{"embeddable":true,"href":"https:\/\/www.europesays.com\/pt\/wp-json\/wp\/v2\/users\/2"}],"replies":[{"embeddable":true,"href":"https:\/\/www.europesays.com\/pt\/wp-json\/wp\/v2\/comments?post=496212"}],"version-history":[{"count":0,"href":"https:\/\/www.europesays.com\/pt\/wp-json\/wp\/v2\/posts\/496212\/revisions"}],"wp:featuredmedia":[{"embeddable":true,"href":"https:\/\/www.europesays.com\/pt\/wp-json\/wp\/v2\/media\/496213"}],"wp:attachment":[{"href":"https:\/\/www.europesays.com\/pt\/wp-json\/wp\/v2\/media?parent=496212"}],"wp:term":[{"taxonomy":"category","embeddable":true,"href":"https:\/\/www.europesays.com\/pt\/wp-json\/wp\/v2\/categories?post=496212"},{"taxonomy":"post_tag","embeddable":true,"href":"https:\/\/www.europesays.com\/pt\/wp-json\/wp\/v2\/tags?post=496212"}],"curies":[{"name":"wp","href":"https:\/\/api.w.org\/{rel}","templated":true}]}}