{"id":496240,"date":"2026-08-22T09:43:38","date_gmt":"2026-08-22T09:43:38","guid":{"rendered":"https:\/\/www.europesays.com\/pt\/496240\/"},"modified":"2026-08-22T09:43:38","modified_gmt":"2026-08-22T09:43:38","slug":"ex-ministra-da-guiana-lidera-2-a-votacao-no-conselho-de-seguranca-e-baralha-contas-da-sucessao-de-guterres","status":"publish","type":"post","link":"https:\/\/www.europesays.com\/pt\/496240\/","title":{"rendered":"Ex-ministra da Guiana lidera 2.\u00aa vota\u00e7\u00e3o no Conselho de Seguran\u00e7a e baralha contas da sucess\u00e3o de Guterres"},"content":{"rendered":"<p>A antiga ministra dos Neg\u00f3cios Estrangeiros da Guiana e atual embaixadora do pa\u00eds na ONU, Carolyn Rodrigues-Birkett, foi a candidata mais bem colocada na segunda vota\u00e7\u00e3o informal no Conselho de Seguran\u00e7a para escolher o sucessor de Ant\u00f3nio Guterres.<\/p>\n<p>Uma vota\u00e7\u00e3o que baralhou as contas na corrida para saber quem ser\u00e1 o pr\u00f3ximo ou a pr\u00f3xima secret\u00e1ria-geral das Na\u00e7\u00f5es Unidas.<\/p>\n<p><strong>Na primeira vota\u00e7\u00e3o a guianesa tinha sido segunda, atr\u00e1s da economista Rebeca Grynspan, que foi vice-presidente da Costa Rica,<\/strong> secret\u00e1ria-geral ibero-americana e atualmente est\u00e1 \u00e0 frente da ONU Com\u00e9rcio e Desenvolvimento.<\/p>\n<p>Segundo as fontes do site de not\u00edcias especializado nas Na\u00e7\u00f5es Unidas PassBlue, Rodrigues-Birkett obteve oito votos a encorajar a sua candidatura e tr\u00eas a desencorajar (quatro sem opini\u00e3o), enquanto Grynspan teve sete votos positivos (tinha tido 10 na primeira vota\u00e7\u00e3o) e quatro negativos (outros quatro sem opini\u00e3o). <\/p>\n<p><strong>O terceiro voltou a ser o argentino Rafael Grandi, diretor da Ag\u00eancia Internacional de Energia At\u00f3mica<\/strong>, com sete votos a encorajar, seis a desencorajar e dois sem opini\u00e3o (tinha tido sete, dois e seis, respetivamente, na primeira vota\u00e7\u00e3o). <\/p>\n","protected":false},"excerpt":{"rendered":"A antiga ministra dos Neg\u00f3cios Estrangeiros da Guiana e atual embaixadora do pa\u00eds na ONU, Carolyn Rodrigues-Birkett, foi&hellip;\n","protected":false},"author":2,"featured_media":496241,"comment_status":"","ping_status":"","sticky":false,"template":"","format":"standard","meta":{"footnotes":"","_share_on_mastodon":"0"},"categories":[50],"tags":[5465,27,28,79399,14240,15,16,14,25,26,21,22,62,911,12,13,19,20,79403,23,24,79137,79401,79139,79400,17,18,29,30,31,79402,63,64,65],"class_list":["post-496240","post","type-post","status-publish","format-standard","has-post-thumbnail","category-mundo","tag-antonio-guterres","tag-breaking-news","tag-breakingnews","tag-carolyn-rodrigues-birkett","tag-conselho-de-seguranca","tag-featured-news","tag-featurednews","tag-headlines","tag-latest-news","tag-latestnews","tag-main-news","tag-mainnews","tag-mundo","tag-nacoes-unidas","tag-news","tag-noticias","tag-noticias-principais","tag-noticiasprincipais","tag-passblue","tag-principais-noticias","tag-principaisnoticias","tag-rebeca-grynspan","tag-secretario-geral-da-onu","tag-straw-poll","tag-sucessao-de-guterres","tag-top-stories","tag-topstories","tag-ultimas","tag-ultimas-noticias","tag-ultimasnoticias","tag-votacao-informal","tag-world","tag-world-news","tag-worldnews"],"share_on_mastodon":{"url":"","error":"Validation failed: Text character limit of 500 exceeded"},"_links":{"self":[{"href":"https:\/\/www.europesays.com\/pt\/wp-json\/wp\/v2\/posts\/496240","targetHints":{"allow":["GET"]}}],"collection":[{"href":"https:\/\/www.europesays.com\/pt\/wp-json\/wp\/v2\/posts"}],"about":[{"href":"https:\/\/www.europesays.com\/pt\/wp-json\/wp\/v2\/types\/post"}],"author":[{"embeddable":true,"href":"https:\/\/www.europesays.com\/pt\/wp-json\/wp\/v2\/users\/2"}],"replies":[{"embeddable":true,"href":"https:\/\/www.europesays.com\/pt\/wp-json\/wp\/v2\/comments?post=496240"}],"version-history":[{"count":0,"href":"https:\/\/www.europesays.com\/pt\/wp-json\/wp\/v2\/posts\/496240\/revisions"}],"wp:featuredmedia":[{"embeddable":true,"href":"https:\/\/www.europesays.com\/pt\/wp-json\/wp\/v2\/media\/496241"}],"wp:attachment":[{"href":"https:\/\/www.europesays.com\/pt\/wp-json\/wp\/v2\/media?parent=496240"}],"wp:term":[{"taxonomy":"category","embeddable":true,"href":"https:\/\/www.europesays.com\/pt\/wp-json\/wp\/v2\/categories?post=496240"},{"taxonomy":"post_tag","embeddable":true,"href":"https:\/\/www.europesays.com\/pt\/wp-json\/wp\/v2\/tags?post=496240"}],"curies":[{"name":"wp","href":"https:\/\/api.w.org\/{rel}","templated":true}]}}