{"id":496670,"date":"2026-08-22T18:20:35","date_gmt":"2026-08-22T18:20:35","guid":{"rendered":"https:\/\/www.europesays.com\/pt\/496670\/"},"modified":"2026-08-22T18:20:35","modified_gmt":"2026-08-22T18:20:35","slug":"deco-vem-a-lisboa-a-procura-de-reforcos-craque-do-sporting-na-lista-do-barcelona","status":"publish","type":"post","link":"https:\/\/www.europesays.com\/pt\/496670\/","title":{"rendered":"Deco vem a Lisboa \u00e0 procura de refor\u00e7os; Craque do Sporting na lista do Barcelona"},"content":{"rendered":"<p>O <a href=\"https:\/\/www.sporting.pt\/pt\/\" target=\"_blank\" rel=\"nofollow noopener\">Sporting<\/a> est\u00e1 perante uma nova amea\u00e7a ao seu plantel, com<a href=\"https:\/\/www.transfermarkt.es\/geny-catamo\/profil\/spieler\/701979\" target=\"_blank\" rel=\"nofollow noopener\"> Geny Catamo<\/a> a despertar o interesse de v\u00e1rios clubes ingleses. <b>O extremo mo\u00e7ambicano continua a ser uma pe\u00e7a importante para os le\u00f5es, mas a forte valoriza\u00e7\u00e3o do jogador come\u00e7a a atrair pretendentes da Premier League.<\/b><\/p>\n<p><\/p>\n<p>Segundo o jornalista Ekrem Konur<b>, entre os interessados est\u00e1 o Ipswich Town, clube que tem uma liga\u00e7\u00e3o especial a Ed Sheeran, conhecido adepto e acionista minorit\u00e1rio do emblema ingl\u00eas<\/b>. O conjunto brit\u00e2nico surge ao lado de Sunderland e Everton na lista de equipas que est\u00e3o a acompanhar atentamente a situa\u00e7\u00e3o do avan\u00e7ado de 25 anos.<\/p>\n<p>O <a href=\"https:\/\/leonino.pt\/sunderland-oferece-15m-liquidos-a-geny-catamo-e-aperta-sporting\" target=\"_blank\" rel=\"nofollow noopener\">Sunderland j\u00e1 ter\u00e1 dado um passo concreto pelo jogador<\/a>, com uma proposta de 30 milh\u00f5es de euros mais 10 milh\u00f5es em objetivos.<b> A oferta, contudo, acabou rejeitada pelo Sporting, que ter\u00e1 apontado diretamente para a cl\u00e1usula de rescis\u00e3o de 60 milh\u00f5es de euros<\/b>. O clube da Premier League prepara agora uma nova investida pelo internacional mo\u00e7ambicano.<\/p>\n<p><\/p>\n<p><b>Tamb\u00e9m o Ipswich mant\u00e9m-se atento ao cen\u00e1rio, enquanto o Everton surge igualmente entre os clubes interessados<\/b>. A cobi\u00e7a inglesa ganha for\u00e7a numa altura em que o internacional africano continua valorizado em Alvalade, depois de ter assumido um papel importante nas \u00faltimas temporadas.<\/p>\n<p><b>A posi\u00e7\u00e3o do Sporting \u00e9 clara perante as abordagens: o extremo est\u00e1 protegido por uma cl\u00e1usula de sa\u00edda de 60 milh\u00f5es de euros<\/b>. Os le\u00f5es j\u00e1 tinham recusado anteriormente uma proposta de 25 milh\u00f5es apresentada pelo Como, em junho de 2026, demonstrando que n\u00e3o pretendem facilitar a sa\u00edda de um jogador que continua a fazer parte dos planos do Clube.<\/p>\n<p><\/p>\n<p><b>Veja a publica\u00e7\u00e3o de Ekrem Konur:<\/b><\/p>\n","protected":false},"excerpt":{"rendered":"O Sporting est\u00e1 perante uma nova amea\u00e7a ao seu plantel, com Geny Catamo a despertar o interesse de&hellip;\n","protected":false},"author":2,"featured_media":496671,"comment_status":"","ping_status":"","sticky":false,"template":"","format":"standard","meta":{"footnotes":"","_share_on_mastodon":"0"},"categories":[87],"tags":[1235,5798,135,32,33,34,134],"class_list":["post-496670","post","type-post","status-publish","format-standard","has-post-thumbnail","category-desporto","tag-barcelona","tag-deco","tag-desporto","tag-portugal","tag-pt","tag-sporting","tag-sports"],"share_on_mastodon":{"url":"https:\/\/pubeurope.com\/@pt\/117140549081851657","error":""},"_links":{"self":[{"href":"https:\/\/www.europesays.com\/pt\/wp-json\/wp\/v2\/posts\/496670","targetHints":{"allow":["GET"]}}],"collection":[{"href":"https:\/\/www.europesays.com\/pt\/wp-json\/wp\/v2\/posts"}],"about":[{"href":"https:\/\/www.europesays.com\/pt\/wp-json\/wp\/v2\/types\/post"}],"author":[{"embeddable":true,"href":"https:\/\/www.europesays.com\/pt\/wp-json\/wp\/v2\/users\/2"}],"replies":[{"embeddable":true,"href":"https:\/\/www.europesays.com\/pt\/wp-json\/wp\/v2\/comments?post=496670"}],"version-history":[{"count":0,"href":"https:\/\/www.europesays.com\/pt\/wp-json\/wp\/v2\/posts\/496670\/revisions"}],"wp:featuredmedia":[{"embeddable":true,"href":"https:\/\/www.europesays.com\/pt\/wp-json\/wp\/v2\/media\/496671"}],"wp:attachment":[{"href":"https:\/\/www.europesays.com\/pt\/wp-json\/wp\/v2\/media?parent=496670"}],"wp:term":[{"taxonomy":"category","embeddable":true,"href":"https:\/\/www.europesays.com\/pt\/wp-json\/wp\/v2\/categories?post=496670"},{"taxonomy":"post_tag","embeddable":true,"href":"https:\/\/www.europesays.com\/pt\/wp-json\/wp\/v2\/tags?post=496670"}],"curies":[{"name":"wp","href":"https:\/\/api.w.org\/{rel}","templated":true}]}}