{"id":496940,"date":"2026-08-22T22:58:18","date_gmt":"2026-08-22T22:58:18","guid":{"rendered":"https:\/\/www.europesays.com\/pt\/496940\/"},"modified":"2026-08-22T22:58:18","modified_gmt":"2026-08-22T22:58:18","slug":"baterias-dos-eletricos-duram-que-o-esperado-estudo-revela-tudo","status":"publish","type":"post","link":"https:\/\/www.europesays.com\/pt\/496940\/","title":{"rendered":"Baterias dos el\u00e9tricos duram que o esperado? Estudo revela tudo"},"content":{"rendered":"<p>A dura\u00e7\u00e3o da bateria continua a ser o grande fantasma que assombra quem pensa comprar um carro el\u00e9trico. Muitos condutores ainda temem que a autonomia caia a pique ao fim de poucos anos de utiliza\u00e7\u00e3o. No entanto, os dados pr\u00e1ticos de milhares de viaturas no terreno mostram uma realidade bastante diferente daquela que a maioria imagina.<\/p>\n<p><a target=\"_blank\" href=\"https:\/\/www.europesays.com\/pt\/wp-content\/uploads\/2026\/08\/bateria_usados_eletrico_2.jpg\" onclick=\"refreshIframe()\" class=\"foobox\"><img fetchpriority=\"high\" decoding=\"async\" src=\"https:\/\/www.europesays.com\/pt\/wp-content\/uploads\/2026\/08\/bateria_usados_eletrico_2.jpg\" alt=\"bateria el\u00e9tricos desgaste\" width=\"1200\" height=\"675\" class=\"aligncenter size-full wp-image-1125727\"  \/><\/a>\n<\/p>\n<p>O ponto de viragem nos 90 mil quil\u00f3metros<\/p>\n<p>A an\u00e1lise \u00e0 perda de carga destes acumuladores comprova que o desgaste \u00e9 muito menor do que o antecipado. Mesmo ap\u00f3s dezenas de milhares de quil\u00f3metros na estrada, as quebras acentuadas de rendimento continuam a ser exce\u00e7\u00f5es raras e isoladas na ind\u00fastria.<\/p>\n<p>A perda de rendimento n\u00e3o segue uma linha reta ao longo do tempo de vida do autom\u00f3vel. Nos primeiros anos, o impacto no dia a dia \u00e9 praticamente nulo. A degrada\u00e7\u00e3o ronda apenas 0,7 pontos percentuais a cada 10.000 quil\u00f3metros, o que permite chegar aos 80.000 quil\u00f3metros com mais de 94% da energia intacta.<\/p>\n<p>O ritmo altera-se ligeiramente assim que a fasquia dos 90.000 quil\u00f3metros \u00e9 ultrapassada. A partir desta marca, a descida de capacidade tende a acelerar um pouco mais com a idade da viatura. Ainda assim, a maior parte dos modelos em circula\u00e7\u00e3o mant\u00e9m mais de 90% da capacidade original sem sobressaltos.<\/p>\n<p><a target=\"_blank\" href=\"https:\/\/www.europesays.com\/pt\/wp-content\/uploads\/2026\/08\/carregar_eletrico_1.jpg\" onclick=\"refreshIframe()\" class=\"foobox\"><img loading=\"lazy\" decoding=\"async\" src=\"https:\/\/www.europesays.com\/pt\/wp-content\/uploads\/2026\/08\/carregar_eletrico_1.jpg\" alt=\"bateria el\u00e9tricos desgaste\" width=\"1200\" height=\"675\" class=\"aligncenter size-full wp-image-1080917\"  \/><\/a><\/p>\n<p>Baterias ultrapassam as promessas das marcas<\/p>\n<p>Os valores apurados ficam bastante acima das garantias oferecidas pelos pr\u00f3prios fabricantes. O padr\u00e3o do mercado cobre habitualmente oito anos ou 160.000 quil\u00f3metros para um patamar de 70% de capacidade. Na estrada, a durabilidade real dos m\u00f3dulos revela-se substancialmente superior a estas margens de seguran\u00e7a contratuais.<\/p>\n<p>A gest\u00e3o t\u00e9rmica inteligente e a eletr\u00f3nica de controlo assumem aqui um papel decisivo. Fatores como a velocidade de carregamento habitual e a regularidade dos ciclos de carga continuam a pesar no desgaste, mas a tecnologia moderna protege a integridade das c\u00e9lulas contra o envelhecimento precoce.<\/p>\n<p>No final, os n\u00fameros confirmam que o componente mais caro dos ve\u00edculos el\u00e9tricos tem capacidade para durar muito mais tempo do que aquilo que os c\u00e9ticos previam, desmistificando um dos maiores receios da mobilidade el\u00e9trica.<\/p>\n","protected":false},"excerpt":{"rendered":"A dura\u00e7\u00e3o da bateria continua a ser o grande fantasma que assombra quem pensa comprar um carro el\u00e9trico.&hellip;\n","protected":false},"author":2,"featured_media":496941,"comment_status":"","ping_status":"","sticky":false,"template":"","format":"standard","meta":{"footnotes":"","_share_on_mastodon":"0"},"categories":[83],"tags":[6059,88,79560,89,428,90,32,33],"class_list":["post-496940","post","type-post","status-publish","format-standard","has-post-thumbnail","category-empresas","tag-bateria","tag-business","tag-desgaste","tag-economy","tag-eletricos","tag-empresas","tag-portugal","tag-pt"],"share_on_mastodon":{"url":"https:\/\/pubeurope.com\/@pt\/117141642843304458","error":""},"_links":{"self":[{"href":"https:\/\/www.europesays.com\/pt\/wp-json\/wp\/v2\/posts\/496940","targetHints":{"allow":["GET"]}}],"collection":[{"href":"https:\/\/www.europesays.com\/pt\/wp-json\/wp\/v2\/posts"}],"about":[{"href":"https:\/\/www.europesays.com\/pt\/wp-json\/wp\/v2\/types\/post"}],"author":[{"embeddable":true,"href":"https:\/\/www.europesays.com\/pt\/wp-json\/wp\/v2\/users\/2"}],"replies":[{"embeddable":true,"href":"https:\/\/www.europesays.com\/pt\/wp-json\/wp\/v2\/comments?post=496940"}],"version-history":[{"count":0,"href":"https:\/\/www.europesays.com\/pt\/wp-json\/wp\/v2\/posts\/496940\/revisions"}],"wp:featuredmedia":[{"embeddable":true,"href":"https:\/\/www.europesays.com\/pt\/wp-json\/wp\/v2\/media\/496941"}],"wp:attachment":[{"href":"https:\/\/www.europesays.com\/pt\/wp-json\/wp\/v2\/media?parent=496940"}],"wp:term":[{"taxonomy":"category","embeddable":true,"href":"https:\/\/www.europesays.com\/pt\/wp-json\/wp\/v2\/categories?post=496940"},{"taxonomy":"post_tag","embeddable":true,"href":"https:\/\/www.europesays.com\/pt\/wp-json\/wp\/v2\/tags?post=496940"}],"curies":[{"name":"wp","href":"https:\/\/api.w.org\/{rel}","templated":true}]}}