{"id":496964,"date":"2026-08-22T23:24:30","date_gmt":"2026-08-22T23:24:30","guid":{"rendered":"https:\/\/www.europesays.com\/pt\/496964\/"},"modified":"2026-08-22T23:24:30","modified_gmt":"2026-08-22T23:24:30","slug":"unhas-de-ana-guiomar-sao-as-melhores-do-verao-e-fazem-nos-esquecer-o-branco-leitoso-e-o-vermelho-classico","status":"publish","type":"post","link":"https:\/\/www.europesays.com\/pt\/496964\/","title":{"rendered":"Unhas de Ana Guiomar s\u00e3o as melhores do ver\u00e3o e fazem-nos esquecer o branco leitoso e o vermelho cl\u00e1ssico"},"content":{"rendered":"<p>Todos olhamos para o Instagram de caras conhecidas \u00e0 procura de inspira\u00e7\u00e3o para outfits, mas n\u00e3o dev\u00edamos ficar por aqui. Olhar para as fotografias de pessoas como <a href=\"https:\/\/versa.iol.pt\/cristina-ferreira\/unhas\/vasculhamos-a-gaveta-de-cristina-ferreira-e-perdemos-a-vontade-de-ir-a-manicure\/20260220\/699741fed34e6a48f446be22\" rel=\"noopener noreferrer nofollow\" target=\"_blank\">Cristina Ferreira<\/a>, <a href=\"https:\/\/versa.iol.pt\/madalena-aragao\/santos-populares\/quando-vires-as-unhas-de-madalena-aragao-vai-virar-tradicao-pedires-umas-iguais-a-tua-manicure\/20260614\/6a2bc127d34edcee7c652f17\" rel=\"noopener noreferrer nofollow\" target=\"_blank\">Madalena Arag\u00e3o<\/a> ou <a href=\"https:\/\/versa.iol.pt\/unhas-de-gel\/manicure\/o-que-ninguem-esperava-de-georgina-rodriguez-esquece-as-unhas-de-gel\/20260712\/6a50ef65d34ef04b4f3f59fb\" rel=\"noopener noreferrer nofollow\" target=\"_blank\">Georgina Rodr\u00edguez<\/a> pode ser uma \u00f3tima forma de encontrar <a href=\"https:\/\/versa.iol.pt\/unhas\/gel\/as-tuas-unhas-de-gel-querem-se-com-um-toque-que-as-torna-inigualaveis\/20260723\/6a5e3dd4d34ef04b4f3f7ccd\" rel=\"noopener noreferrer nofollow\" target=\"_blank\">ideias para a pr\u00f3xima manicure<\/a>.<\/p>\n<p>J\u00e1 sabemos que a maioria das pessoas escolhe tons mais cl\u00e1ssicos e neutros, como o <a href=\"https:\/\/versa.iol.pt\/cristiano-ronaldo\/georgina-rodriguez\/anel-milionario-aliancas-de-ouro-o-casamento-de-ronaldo-e-georgina-aconteceu-e-um-detalhe-passou-despercebido\/20260811\/6a7b798f0cf2f6a1a1e73afd\" rel=\"noopener noreferrer nofollow\" target=\"_blank\">cl\u00e1ssico branco leitoso, escolhido por Georgina para o casamento com Cristiano Ronaldo<\/a>, ou <a href=\"https:\/\/versa.iol.pt\/ines-aires-pereira\/noivado\/se-as-unhas-sao-importantes-num-pedido-de-casamento-as-de-ines-aires-pereira-ate-sao-tendencia\/20260727\/6a673e4ad34ed0733ba7c8f5\" rel=\"noopener noreferrer nofollow\" target=\"_blank\">o vermelho, em qualquer tom<\/a>, mas o ver\u00e3o acaba por ser a esta\u00e7\u00e3o ideal para arriscar e apostar em tons mais&#8230; interessantes.<\/p>\n<p>Ana Guiomar mostrou-nos que <a href=\"https:\/\/versa.iol.pt\/unhas-de-gel\/manicure\/nem-branco-nem-vermelho-esta-cor-ousada-e-inesperada-e-a-unica-que-queremos-nas-unhas-este-verao\/20260621\/6a356a0ad34edcee7c657d10\" rel=\"noopener noreferrer nofollow\" target=\"_blank\">o azul, em tons mais claros<\/a>, acaba por ser a melhor cor para os dias quentes. Mais especificamente, a atriz parece ter escolhido um tom semelhante ao <a href=\"https:\/\/versa.iol.pt\/unhas-de-gel\/manicure\/nem-branco-nem-vermelho-esta-cor-ousada-e-inesperada-e-a-unica-que-queremos-nas-unhas-este-verao\/20260621\/6a356a0ad34edcee7c657d10\" rel=\"noopener noreferrer nofollow\" target=\"_blank\">azul aqua, a cor vibrante algures entre o azul e o turquesa<\/a>, completando a manicure com um simples pontinho laranja no centro da unha, outra cor ideal para a esta\u00e7\u00e3o quente.<\/p>\n<p>\u00c9, ali\u00e1s, importante dizer que a atriz, e agora apresentadora de um podcast, n\u00e3o parece ser a \u00fanica f\u00e3 deste tom de azul. Tem aparecido nos feeds de quase todos nos \u00faltimos meses e em diferentes vers\u00f5es desde as mais simples a outras que conjugam a cor com os estampados tend\u00eancia <a href=\"https:\/\/versa.iol.pt\/kelly-bailey\/tendencia\/kelly-bailey-prova-que-estas-48-pecas-com-padroes-sao-infaliveis\/20260502\/69f22bb1d34e28842c837b3c\" rel=\"noopener noreferrer nofollow\" target=\"_blank\">como o polka-dot ou as ricas<\/a>.<\/p>\n<p>Como n\u00e3o poderia deixar de ser, na galeria de imagens encontras v\u00e1rias sugest\u00f5es de unhas nesta cor e, claro, muitas outras que seguem as mais recentes tend\u00eancias.<\/p>\n","protected":false},"excerpt":{"rendered":"Todos olhamos para o Instagram de caras conhecidas \u00e0 procura de inspira\u00e7\u00e3o para outfits, mas n\u00e3o dev\u00edamos ficar&hellip;\n","protected":false},"author":2,"featured_media":496965,"comment_status":"","ping_status":"","sticky":false,"template":"","format":"standard","meta":{"footnotes":"","_share_on_mastodon":"0"},"categories":[85],"tags":[160,1081,204,114,115,754,186,1079,32,33,4258,4259,1078,1080],"class_list":["post-496964","post","type-post","status-publish","format-standard","has-post-thumbnail","category-entretenimento","tag-ana-guiomar","tag-beleza","tag-design","tag-entertainment","tag-entretenimento","tag-gastronomia","tag-lifestyle","tag-moda","tag-portugal","tag-pt","tag-unhas","tag-unhas-de-gel","tag-versa","tag-viagens"],"share_on_mastodon":{"url":"https:\/\/pubeurope.com\/@pt\/117141744480502608","error":""},"_links":{"self":[{"href":"https:\/\/www.europesays.com\/pt\/wp-json\/wp\/v2\/posts\/496964","targetHints":{"allow":["GET"]}}],"collection":[{"href":"https:\/\/www.europesays.com\/pt\/wp-json\/wp\/v2\/posts"}],"about":[{"href":"https:\/\/www.europesays.com\/pt\/wp-json\/wp\/v2\/types\/post"}],"author":[{"embeddable":true,"href":"https:\/\/www.europesays.com\/pt\/wp-json\/wp\/v2\/users\/2"}],"replies":[{"embeddable":true,"href":"https:\/\/www.europesays.com\/pt\/wp-json\/wp\/v2\/comments?post=496964"}],"version-history":[{"count":0,"href":"https:\/\/www.europesays.com\/pt\/wp-json\/wp\/v2\/posts\/496964\/revisions"}],"wp:featuredmedia":[{"embeddable":true,"href":"https:\/\/www.europesays.com\/pt\/wp-json\/wp\/v2\/media\/496965"}],"wp:attachment":[{"href":"https:\/\/www.europesays.com\/pt\/wp-json\/wp\/v2\/media?parent=496964"}],"wp:term":[{"taxonomy":"category","embeddable":true,"href":"https:\/\/www.europesays.com\/pt\/wp-json\/wp\/v2\/categories?post=496964"},{"taxonomy":"post_tag","embeddable":true,"href":"https:\/\/www.europesays.com\/pt\/wp-json\/wp\/v2\/tags?post=496964"}],"curies":[{"name":"wp","href":"https:\/\/api.w.org\/{rel}","templated":true}]}}