{"id":496980,"date":"2026-08-22T23:38:20","date_gmt":"2026-08-22T23:38:20","guid":{"rendered":"https:\/\/www.europesays.com\/pt\/496980\/"},"modified":"2026-08-22T23:38:20","modified_gmt":"2026-08-22T23:38:20","slug":"ate-elma-aveiro-o-sonho-pelo-casaco-japones-faz-nos-correr-a-zara","status":"publish","type":"post","link":"https:\/\/www.europesays.com\/pt\/496980\/","title":{"rendered":"At\u00e9 Elma Aveiro? O sonho pelo casaco japon\u00eas faz-nos correr \u00e0 Zara"},"content":{"rendered":"<p>F\u00e3s de moda e tend\u00eancias, de certeza que j\u00e1 repararam: basta olhar para as ruas, para as redes sociais ou para as montras das lojas para perceber que h\u00e1 uma nova est\u00e9tica a conquistar cada vez mais espa\u00e7o. As <a target=\"_self\" rel=\"noopener noreferrer nofollow\" href=\"https:\/\/versa.iol.pt\/asiatico\/stradivarius\/guarda-todos-os-teus-basicos-nova-tendencia-asiatica-viajou-ate-aos-saldos-para-revolucionar-o-teu-guarda-roupa\/20260719\/6a5a3166d34e511da0b2e090\">influ\u00eancias asi\u00e1ticas est\u00e3o por todo o lado e surgem agora reinterpretadas em pe\u00e7as pensadas para usar no dia a dia<\/a>.<\/p>\n<p>Esta tend\u00eancia recupera elementos de diferentes trajes tradicionais do Oriente, sobretudo chineses e japoneses, e transporta-os para silhuetas muito mais contempor\u00e2neas. Do qipao chin\u00eas v\u00eam, por exemplo, as golas subidas, as linhas estruturadas e os caracter\u00edsticos fechos decorativos, conhecidos como pankou. J\u00e1 dos quimonos japoneses chegam refer\u00eancias como os cortes cruzados, as mangas largas, os tecidos fluidos e as silhuetas mais direitas.<\/p>\n<p>Tudo isto aparece agora combinado com ganga, t\u00e9nis ou pe\u00e7as mais casuais, tornando estas refer\u00eancias tradicionais muito mais f\u00e1ceis de integrar no nosso guarda-roupa.<\/p>\n<p>E Portugal n\u00e3o ficou de fora. As cole\u00e7\u00f5es est\u00e3o cada vez mais recheadas de tops, vestidos e casacos que v\u00e3o buscar inspira\u00e7\u00e3o a esta est\u00e9tica e <a target=\"_self\" rel=\"noopener noreferrer nofollow\" href=\"https:\/\/versa.iol.pt\/elma-aveiro\/cristiano-ronaldo\/camisolas-de-elma-aveiro-sob-suspeita-2026-ja-tera-livro-sobre-o-caso\/20251219\/69451f4ad34e2bd5c6d54d85\">Elma Aveiro, irm\u00e3 de Cristiano Ronaldo<\/a>, tamb\u00e9m parece ter-se rendido.<\/p>\n<p>A empres\u00e1ria partilhou recentemente nas redes sociais uma fotografia com um casaco azul-escuro que nos chamou imediatamente a aten\u00e7\u00e3o. Com gola subida e v\u00e1rios fechos decorativos na parte da frente, a pe\u00e7a recupera alguns dos elementos que t\u00eam marcado esta tend\u00eancia e junta-lhes tr\u00eas riscas nas mangas, criando uma mistura inesperada entre a inspira\u00e7\u00e3o oriental e um lado muito mais desportivo.<\/p>\n<p>E foi precisamente \u00e0 procura de pe\u00e7as com a mesma est\u00e9tica que nos depar\u00e1mos com as <a target=\"_self\" rel=\"noopener noreferrer nofollow\" href=\"https:\/\/versa.iol.pt\/verde-menta\/cor\/gostes-ou-nao-esta-e-a-nova-cor-da-estacao-e-vai-fazer-este-vestido-da-zara-esgotar\/20260820\/6a8726730cf2f6a1a1e74bf8\">novidades da Zara.<\/a><\/p>\n<p>Na nova cole\u00e7\u00e3o da marca espanhola s\u00e3o v\u00e1rios os tops que recuperam detalhes associados a esta tend\u00eancia, dos tecidos acetinados e jacquard aos padr\u00f5es florais, passando pelas golas subidas, bot\u00f5es decorativos, cortes assim\u00e9tricos e silhuetas mais estruturadas. H\u00e1 op\u00e7\u00f5es mais delicadas e rom\u00e2nticas e outras bastante mais marcantes, com pre\u00e7os a partir dos \u20ac25.95.<\/p>\n<p>Dos padr\u00f5es aos tecidos, passando pelos pequenos pormenores na constru\u00e7\u00e3o das pe\u00e7as, as influ\u00eancias asi\u00e1ticas parecem ter vindo para ficar e, tendo em conta a quantidade de novidades que j\u00e1 encontramos nas lojas, acreditamos que esta lista ainda vai crescer.<\/p>\n<p>Se tamb\u00e9m te apaixonaste por esta est\u00e9tica, prepar\u00e1mos uma galeria recheada de pe\u00e7as de inspira\u00e7\u00e3o asi\u00e1tica que j\u00e1 podes encontrar nas lojas para entrares na tend\u00eancia \u00e0 tua maneira.<\/p>\n","protected":false},"excerpt":{"rendered":"F\u00e3s de moda e tend\u00eancias, de certeza que j\u00e1 repararam: basta olhar para as ruas, para as redes&hellip;\n","protected":false},"author":2,"featured_media":496981,"comment_status":"","ping_status":"","sticky":false,"template":"","format":"standard","meta":{"footnotes":"","_share_on_mastodon":"0"},"categories":[85],"tags":[367,1081,204,1480,114,115,754,461,186,1079,32,33,1078,1080,3480],"class_list":["post-496980","post","type-post","status-publish","format-standard","has-post-thumbnail","category-entretenimento","tag-asia","tag-beleza","tag-design","tag-elma-aveiro","tag-entertainment","tag-entretenimento","tag-gastronomia","tag-japao","tag-lifestyle","tag-moda","tag-portugal","tag-pt","tag-versa","tag-viagens","tag-zara"],"share_on_mastodon":{"url":"https:\/\/pubeurope.com\/@pt\/117141799654987303","error":""},"_links":{"self":[{"href":"https:\/\/www.europesays.com\/pt\/wp-json\/wp\/v2\/posts\/496980","targetHints":{"allow":["GET"]}}],"collection":[{"href":"https:\/\/www.europesays.com\/pt\/wp-json\/wp\/v2\/posts"}],"about":[{"href":"https:\/\/www.europesays.com\/pt\/wp-json\/wp\/v2\/types\/post"}],"author":[{"embeddable":true,"href":"https:\/\/www.europesays.com\/pt\/wp-json\/wp\/v2\/users\/2"}],"replies":[{"embeddable":true,"href":"https:\/\/www.europesays.com\/pt\/wp-json\/wp\/v2\/comments?post=496980"}],"version-history":[{"count":0,"href":"https:\/\/www.europesays.com\/pt\/wp-json\/wp\/v2\/posts\/496980\/revisions"}],"wp:featuredmedia":[{"embeddable":true,"href":"https:\/\/www.europesays.com\/pt\/wp-json\/wp\/v2\/media\/496981"}],"wp:attachment":[{"href":"https:\/\/www.europesays.com\/pt\/wp-json\/wp\/v2\/media?parent=496980"}],"wp:term":[{"taxonomy":"category","embeddable":true,"href":"https:\/\/www.europesays.com\/pt\/wp-json\/wp\/v2\/categories?post=496980"},{"taxonomy":"post_tag","embeddable":true,"href":"https:\/\/www.europesays.com\/pt\/wp-json\/wp\/v2\/tags?post=496980"}],"curies":[{"name":"wp","href":"https:\/\/api.w.org\/{rel}","templated":true}]}}