{"id":497107,"date":"2026-08-23T02:51:36","date_gmt":"2026-08-23T02:51:36","guid":{"rendered":"https:\/\/www.europesays.com\/pt\/497107\/"},"modified":"2026-08-23T02:51:36","modified_gmt":"2026-08-23T02:51:36","slug":"fifa-suspende-leandro-paredes-por-10-jogos-e-molina-por-sete-observador","status":"publish","type":"post","link":"https:\/\/www.europesays.com\/pt\/497107\/","title":{"rendered":"FIFA suspende Leandro Paredes por 10 jogos e Molina por sete \u2013 Observador"},"content":{"rendered":"<p>O internacional argentino Leandro Paredes foi suspenso por 10 jogos, face aos incidentes na final do Mundial2026 de futebol, ganho pela Espanha (1-0), informou esta sexta-feira a FIFA.<\/p>\n<p>O m\u00e9dio, do Boca Juniors,<strong> sofreu a san\u00e7\u00e3o mais pesada<\/strong>, mas o Comit\u00e9 Disciplinar da FIFA castigou tamb\u00e9m <strong>Nahuel Molina com sete jogos de suspens\u00e3o<\/strong>, Thiago Almada com um e o espanhol Gavi igualmente com um.<\/p>\n<p>Na final, em 19 de julho, Leandro Paredes, de cabe\u00e7a perdida, come\u00e7ou por empurrar Eric Garc\u00eda e, depois, tentou esmurrar Gavi, j\u00e1 ca\u00eddo no ch\u00e3o, num aglomerado de jogadores das duas sele\u00e7\u00f5es, entre o conflito e tentativas de separa\u00e7\u00e3o.<\/p>\n<p>J\u00e1 Molina, lateral contratado pela Roma, deu um murro ao m\u00e9dio espanhol Rodri, j\u00e1 ap\u00f3s o apito final e quando este caminhava no relvado para celebrar a vit\u00f3ria, num <strong>incidente que acabou por desencadear o conflito entre os elementos das duas equipas<\/strong>.<\/p>\n<p><strong>Paredes e Molina foram ainda multados em 90.000 d\u00f3lares cada<\/strong> (cerca de 77.000 euros) e Thiago Almada e Gavi em 30.000 (25.000 euros), enquanto Roberto Ayala, adjunto da albiceleste, foi castigado com tr\u00eas jogos e 30.000 d\u00f3lares.<\/p>\n<p>A <strong>Federa\u00e7\u00e3o Argentina de Futebol (AFA) foi multada em 321.000 d\u00f3lares<\/strong> (275.000 euros) por utiliza\u00e7\u00e3o de um evento desportivo para manifesta\u00e7\u00f5es de natureza n\u00e3o desportiva, de conduta impr\u00f3pria da equipa e de c\u00e2nticos e gestos discriminat\u00f3rios dos seus adeptos.<\/p>\n<p>Na meia-final frente \u00e0 Inglaterra, no momento da celebra\u00e7\u00e3o, os jogadores argentinos exibiram uma tarja com a inscri\u00e7\u00e3o \u201cLas Malvinas son argentinas [As Malvinas s\u00e3o argentinas]\u201d, em alus\u00e3o ao territ\u00f3rio administrado pelo Reino Unido e que foi disputado, na Guerra das Malvinas, entre Inglaterra e Argentina.<\/p>\n<p>Entre as penaliza\u00e7\u00f5es conhecidas esta sexta-feira, est\u00e1 ainda a obrigatoriedade de os dois pr\u00f3ximos jogos da Argentina em casa terem um n\u00famero limitado de adeptos, com uma redu\u00e7\u00e3o de 50%.<\/p>\n<p>Estas decis\u00f5es seguem-se \u00e0 abertura de um inqu\u00e9rito pelo Comit\u00e9 Disciplinar da FIFA em 29 de julho.<\/p>\n<p><strong>[O espi\u00e3o portugu\u00eas suspeito de vender segredos \u00e0 R\u00fassia voa para Roma e as autoridades est\u00e3o determinadas a apanh\u00e1-lo em flagrante a passar informa\u00e7\u00f5es a um agente de Moscovo. \u201cA vida dupla do espi\u00e3o traidor\u201d \u00e9 o novo Podcast Plus do Observador. Uma s\u00e9rie em seis epis\u00f3dios, narrada pelo ator Ivo Canelas, com banda sonora original de J\u00falio Resende. Pode ouvir aqui, no<a href=\"https:\/\/observador.pt\/programas\/a-vida-dupla-do-espio-traidor\/episodio-3-o-alvo-esta-deitado\/\" target=\"_blank\" rel=\"noopener nofollow\">\u00a0site do Observador<\/a>, o terceiro epis\u00f3dio, e tamb\u00e9m na<a href=\"https:\/\/podcasts.apple.com\/pt\/podcast\/epis%C3%B3dio-3-o-alvo-est%C3%A1-deitado\/id6792864997?i=1000782061712\" target=\"_blank\" rel=\"noopener nofollow\">\u00a0Apple Podcasts<\/a>, no<a href=\"https:\/\/open.spotify.com\/episode\/7uhwtcX3vHIhCwXsa5PBf7\" target=\"_blank\" rel=\"noopener nofollow\">\u00a0Spotify<\/a>\u00a0e no<a href=\"https:\/\/www.youtube.com\/watch?v=IznpgceqYqs\" target=\"_blank\" rel=\"noopener nofollow\">\u00a0Youtube<\/a>. E pode ouvir\u00a0<a href=\"https:\/\/observador.pt\/programas\/a-vida-dupla-do-espio-traidor\/episodio-1-ha-uma-toupeira-a-solta-no-sis\/\" target=\"_blank\" rel=\"noopener nofollow\">aqui<\/a>\u00a0o primeiro epis\u00f3dio e\u00a0<a href=\"https:\/\/observador.pt\/programas\/a-vida-dupla-do-espio-traidor\/episodio-2-maconaria-strippers-e-bares-de-alterne\/\" target=\"_blank\" rel=\"noopener nofollow\">aqui\u00a0<\/a>o segundo.]<\/strong><\/p>\n<p><a href=\"https:\/\/observador.pt\/programas\/a-vida-dupla-do-espio-traidor\/episodio-3-o-alvo-esta-deitado\/\" rel=\"nofollow noopener\" target=\"_blank\"><\/p>\n<p>        <img src=\"https:\/\/www.europesays.com\/pt\/wp-content\/uploads\/2026\/08\/1787453496_461_770-a-vida-dupla-do-espiao-traidor-iconplay.png\" alt=\"\" loading=\"lazy\" decoding=\"async\" class=\"alignnone\" onload=\"this.parentElement.classList.remove('spinner')\" onerror=\"this.parentElement.classList.remove('spinner')\" width=\"770\" height=\"433\"\/>    <\/p>\n<p><\/a><\/p>\n","protected":false},"excerpt":{"rendered":"O internacional argentino Leandro Paredes foi suspenso por 10 jogos, face aos incidentes na final do Mundial2026 de&hellip;\n","protected":false},"author":2,"featured_media":497108,"comment_status":"","ping_status":"","sticky":false,"template":"","format":"standard","meta":{"footnotes":"","_share_on_mastodon":"0"},"categories":[87],"tags":[135,2698,524,12632,32,33,17059,134],"class_list":["post-497107","post","type-post","status-publish","format-standard","has-post-thumbnail","category-desporto","tag-desporto","tag-fifa","tag-futebol","tag-mundial-2026","tag-portugal","tag-pt","tag-seleu00e7u00e3o-nacional","tag-sports"],"share_on_mastodon":{"url":"https:\/\/pubeurope.com\/@pt\/117142558871825937","error":""},"_links":{"self":[{"href":"https:\/\/www.europesays.com\/pt\/wp-json\/wp\/v2\/posts\/497107","targetHints":{"allow":["GET"]}}],"collection":[{"href":"https:\/\/www.europesays.com\/pt\/wp-json\/wp\/v2\/posts"}],"about":[{"href":"https:\/\/www.europesays.com\/pt\/wp-json\/wp\/v2\/types\/post"}],"author":[{"embeddable":true,"href":"https:\/\/www.europesays.com\/pt\/wp-json\/wp\/v2\/users\/2"}],"replies":[{"embeddable":true,"href":"https:\/\/www.europesays.com\/pt\/wp-json\/wp\/v2\/comments?post=497107"}],"version-history":[{"count":0,"href":"https:\/\/www.europesays.com\/pt\/wp-json\/wp\/v2\/posts\/497107\/revisions"}],"wp:featuredmedia":[{"embeddable":true,"href":"https:\/\/www.europesays.com\/pt\/wp-json\/wp\/v2\/media\/497108"}],"wp:attachment":[{"href":"https:\/\/www.europesays.com\/pt\/wp-json\/wp\/v2\/media?parent=497107"}],"wp:term":[{"taxonomy":"category","embeddable":true,"href":"https:\/\/www.europesays.com\/pt\/wp-json\/wp\/v2\/categories?post=497107"},{"taxonomy":"post_tag","embeddable":true,"href":"https:\/\/www.europesays.com\/pt\/wp-json\/wp\/v2\/tags?post=497107"}],"curies":[{"name":"wp","href":"https:\/\/api.w.org\/{rel}","templated":true}]}}