{"id":497355,"date":"2026-08-23T10:53:22","date_gmt":"2026-08-23T10:53:22","guid":{"rendered":"https:\/\/www.europesays.com\/pt\/497355\/"},"modified":"2026-08-23T10:53:22","modified_gmt":"2026-08-23T10:53:22","slug":"marcio-kieling-fala-da-chegada-da-novela-agora-e-que-sao-elas-ao-globoplay-de-seus-projetos-artisticos-e-do-trabalho-no-mercado-financeiro","status":"publish","type":"post","link":"https:\/\/www.europesays.com\/pt\/497355\/","title":{"rendered":"M\u00e1rcio Kieling fala da chegada da novela &#8216;Agora \u00e9 que s\u00e3o elas&#8217; ao Globoplay, de seus projetos art\u00edsticos e do trabalho no mercado financeiro"},"content":{"rendered":"\n<p class=\" content-text__container \" data-track-category=\"Link no Texto\" data-track-links=\"\"> \u2014 \u00c0s vezes, a gente se perde querendo focar apenas em pagar as contas e os boletos. Daqui a pouco fa\u00e7o 50 anos. Eu nunca fui descuidado, mas voltei a focar na minha sa\u00fade f\u00edsica e mental, porque uma coisa reflete na outra. Estar bem de cabe\u00e7a e de corpo reflete diretamente no meu trabalho hoje. Eu ainda sou rotulado como gal\u00e3. Ent\u00e3o, se me chamarem para fazer algum trabalho na televis\u00e3o, eu tenho que estar bem fisicamente para corresponder ao que as pessoas esperam. Al\u00e9m disso, o principal motivo \u00e9 que eu quero ter longevidade para ficar com o meu filho de 8 anos pelo maior tempo poss\u00edvel. <\/p>\n","protected":false},"excerpt":{"rendered":"\u2014 \u00c0s vezes, a gente se perde querendo focar apenas em pagar as contas e os boletos. Daqui&hellip;\n","protected":false},"author":2,"featured_media":497356,"comment_status":"","ping_status":"","sticky":false,"template":"","format":"standard","meta":{"footnotes":"","_share_on_mastodon":"0"},"categories":[142],"tags":[12200,114,115,3179,48714,2933,6111,32,33,679,151,2323],"class_list":["post-497355","post","type-post","status-publish","format-standard","has-post-thumbnail","category-tv","tag-agora-e-que-sao-elas","tag-entertainment","tag-entretenimento","tag-globoplay","tag-marcio-kieling","tag-multishow","tag-plataforma-digital-de-streaming-de-videos-e-audios-sob-demanda-do-grupo-globo","tag-portugal","tag-pt","tag-reportagem","tag-tv","tag-tv-globo"],"share_on_mastodon":{"url":"https:\/\/pubeurope.com\/@pt\/117144453434130533","error":""},"_links":{"self":[{"href":"https:\/\/www.europesays.com\/pt\/wp-json\/wp\/v2\/posts\/497355","targetHints":{"allow":["GET"]}}],"collection":[{"href":"https:\/\/www.europesays.com\/pt\/wp-json\/wp\/v2\/posts"}],"about":[{"href":"https:\/\/www.europesays.com\/pt\/wp-json\/wp\/v2\/types\/post"}],"author":[{"embeddable":true,"href":"https:\/\/www.europesays.com\/pt\/wp-json\/wp\/v2\/users\/2"}],"replies":[{"embeddable":true,"href":"https:\/\/www.europesays.com\/pt\/wp-json\/wp\/v2\/comments?post=497355"}],"version-history":[{"count":0,"href":"https:\/\/www.europesays.com\/pt\/wp-json\/wp\/v2\/posts\/497355\/revisions"}],"wp:featuredmedia":[{"embeddable":true,"href":"https:\/\/www.europesays.com\/pt\/wp-json\/wp\/v2\/media\/497356"}],"wp:attachment":[{"href":"https:\/\/www.europesays.com\/pt\/wp-json\/wp\/v2\/media?parent=497355"}],"wp:term":[{"taxonomy":"category","embeddable":true,"href":"https:\/\/www.europesays.com\/pt\/wp-json\/wp\/v2\/categories?post=497355"},{"taxonomy":"post_tag","embeddable":true,"href":"https:\/\/www.europesays.com\/pt\/wp-json\/wp\/v2\/tags?post=497355"}],"curies":[{"name":"wp","href":"https:\/\/api.w.org\/{rel}","templated":true}]}}