{"id":497387,"date":"2026-08-23T11:24:01","date_gmt":"2026-08-23T11:24:01","guid":{"rendered":"https:\/\/www.europesays.com\/pt\/497387\/"},"modified":"2026-08-23T11:24:01","modified_gmt":"2026-08-23T11:24:01","slug":"mansao-onde-gugu-sofreu-acidente-e-colocada-a-venda-por-r-14-mi","status":"publish","type":"post","link":"https:\/\/www.europesays.com\/pt\/497387\/","title":{"rendered":"Mans\u00e3o onde Gugu sofreu acidente \u00e9 colocada \u00e0 venda por R$ 14 mi"},"content":{"rendered":"<p><img decoding=\"async\" fetchpriority=\"high\" src=\"https:\/\/www.europesays.com\/pt\/wp-content\/uploads\/2026\/08\/d90o6yrwvmb343xze76hylaw4.jpg\" width=\"906\" height=\"509\" alt=\"Mans\u00e3o de Gugu \u00e0 venda \" title=\"Mans\u00e3o de Gugu \u00e0 venda \"\/>Montagem<\/p>\n<p>Mans\u00e3o de Gugu \u00e0 venda<\/p>\n<p>A <strong>mans\u00e3o onde Gugu Liberato<\/strong> sofreu o acidente que provocou sua morte, em 2019, foi colocada \u00e0 <a href=\"https:\/\/gente.ig.com.br\/celebridades\/2026-06-30\/valor-da-fortuna-deixada-por-gugu-liberato-aos-filhos-choca.html\" data-mce-href=\"https:\/\/gente.ig.com.br\/celebridades\/2026-06-30\/valor-da-fortuna-deixada-por-gugu-liberato-aos-filhos-choca.html\" data-mce- rel=\"nofollow noopener\" target=\"_blank\">venda por seus filhos<\/a>. O im\u00f3vel fica em <strong>Windermere, na Fl\u00f3rida, nos Estados Unidos<\/strong>, e est\u00e1 <strong>anunciado por US$ 2,8 milh\u00f5es, cerca de R$ 14,4 milh\u00f5es <\/strong>na cota\u00e7\u00e3o atual.<\/p>\n<p>Segundo informa\u00e7\u00f5es da imobili\u00e1ria Broker and Backer, a propriedade tem 630 m\u00b2 e <strong>re\u00fane seis quartos, sete banheiros e um lavabo.<\/strong> A casa tamb\u00e9m conta com <strong>piscina, lareira e uma sala de cinema particular.<\/strong><\/p>\n<p><img decoding=\"async\" fetchpriority=\"high\" src=\"https:\/\/www.europesays.com\/pt\/wp-content\/uploads\/2026\/08\/4pag5megqu6cee1w39jupkfde.jpg\" width=\"906\" height=\"509\" alt=\"Mans\u00e3o de Gugu Liberato \" title=\"Mans\u00e3o de Gugu Liberato \"\/>Broker and Backer<\/p>\n<p>Mans\u00e3o de Gugu Liberato<\/p>\n<p class=\"\">A casa ser\u00e1 vendida com alguns eletrodom\u00e9sticos, como geladeira, lava-lou\u00e7as, secadora e fog\u00e3o.\u00a0<\/p>\n<p>A imobili\u00e1ria destaca ainda que o im\u00f3vel fica pr\u00f3ximo \u00e0s principais rodovias da regi\u00e3o, escolas, restaurantes, lojas e atra\u00e7\u00f5es tur\u00edsticas de Orlando.<\/p>\n<p>Ainda de acordo com a imobili\u00e1ria, o novo dono ter\u00e1 que <strong>desembolsar mensalmente um imposto predial de US$ 2.156,83 e um condom\u00ednio no valor de US$ 483,33.<\/strong><\/p>\n<p>Veja detalhes da mans\u00e3o onde Gugu morou:O acidente de Gugu<\/p>\n<p class=\"\"><strong>Gugu comprou a propriedade em maio de 2019 por US$ 1,6 milh\u00e3o<\/strong>, o equivalente a cerca de R$ 8,4 milh\u00f5es na \u00e9poca.<\/p>\n<p>Meses depois <strong>, em novembro,\u00a0 <a data-mce-href=\"https:\/\/gente.ig.com.br\/celebridades\/2019-11-22\/gugu-liberato-morre-aos-60-anos-apos-cair-de-telhado-nos-eua.html\" href=\"https:\/\/gente.ig.com.br\/celebridades\/2019-11-22\/gugu-liberato-morre-aos-60-anos-apos-cair-de-telhado-nos-eua.html\" rel=\"nofollow noopener\" target=\"_blank\">o apresentador sofreu um acidente na resid\u00eancia<\/a> <\/strong><a data-mce-href=\"https:\/\/gente.ig.com.br\/celebridades\/2019-11-22\/gugu-liberato-morre-aos-60-anos-apos-cair-de-telhado-nos-eua.html\" href=\"https:\/\/gente.ig.com.br\/celebridades\/2019-11-22\/gugu-liberato-morre-aos-60-anos-apos-cair-de-telhado-nos-eua.html\" rel=\"nofollow noopener\" target=\"_blank\">. <\/a>Aos 60 anos, <strong>ele caiu de uma altura de aproximadamente quatro metros<\/strong> enquanto fazia um reparo no ar-condicionado instalado no s\u00f3t\u00e3o da casa.<\/p>\n<p class=\"\">Na queda, Gugu teria batido a cabe\u00e7a em uma quina. Ele foi socorrido e levado ao Health Medical Center, onde permaneceu internado na Unidade de Terapia Intensiva (<strong>UTI<\/strong>) com diagn\u00f3stico de <strong>sangramento intracraniano.<\/strong><\/p>\n<p>Ap\u00f3s tr\u00eas dias de interna\u00e7\u00e3o, a morte cerebral do apresentador foi decretada.<\/p>\n<p><strong>O apresentador teve seus \u00f3rg\u00e3os doados<\/strong>, com a autoriza\u00e7\u00e3o da fam\u00edlia, e seu <strong>corpo foi velado na Assembleia Legislativa do Estado de S\u00e3o Paulo<\/strong> e enterrado no Cemit\u00e9rio do Morumbi, em S\u00e3o Paulo.<\/p>\n","protected":false},"excerpt":{"rendered":"Montagem Mans\u00e3o de Gugu \u00e0 venda A mans\u00e3o onde Gugu Liberato sofreu o acidente que provocou sua morte,&hellip;\n","protected":false},"author":2,"featured_media":497388,"comment_status":"","ping_status":"","sticky":false,"template":"","format":"standard","meta":{"footnotes":"","_share_on_mastodon":"0"},"categories":[145],"tags":[40111,211,210,114,115,235,1622,9070,79636,79637,32,33,79635],"class_list":["post-497387","post","type-post","status-publish","format-standard","has-post-thumbnail","category-celebridades","tag-acidente-domestico","tag-celebridades","tag-celebrities","tag-entertainment","tag-entretenimento","tag-estados-unidos","tag-florida","tag-gugu-liberato","tag-mansao-do-gugu","tag-morte-de-gugu","tag-portugal","tag-pt","tag-veja-detalhes-da-mansao"],"share_on_mastodon":{"url":"https:\/\/pubeurope.com\/@pt\/117144576325529506","error":""},"_links":{"self":[{"href":"https:\/\/www.europesays.com\/pt\/wp-json\/wp\/v2\/posts\/497387","targetHints":{"allow":["GET"]}}],"collection":[{"href":"https:\/\/www.europesays.com\/pt\/wp-json\/wp\/v2\/posts"}],"about":[{"href":"https:\/\/www.europesays.com\/pt\/wp-json\/wp\/v2\/types\/post"}],"author":[{"embeddable":true,"href":"https:\/\/www.europesays.com\/pt\/wp-json\/wp\/v2\/users\/2"}],"replies":[{"embeddable":true,"href":"https:\/\/www.europesays.com\/pt\/wp-json\/wp\/v2\/comments?post=497387"}],"version-history":[{"count":0,"href":"https:\/\/www.europesays.com\/pt\/wp-json\/wp\/v2\/posts\/497387\/revisions"}],"wp:featuredmedia":[{"embeddable":true,"href":"https:\/\/www.europesays.com\/pt\/wp-json\/wp\/v2\/media\/497388"}],"wp:attachment":[{"href":"https:\/\/www.europesays.com\/pt\/wp-json\/wp\/v2\/media?parent=497387"}],"wp:term":[{"taxonomy":"category","embeddable":true,"href":"https:\/\/www.europesays.com\/pt\/wp-json\/wp\/v2\/categories?post=497387"},{"taxonomy":"post_tag","embeddable":true,"href":"https:\/\/www.europesays.com\/pt\/wp-json\/wp\/v2\/tags?post=497387"}],"curies":[{"name":"wp","href":"https:\/\/api.w.org\/{rel}","templated":true}]}}