{"id":497621,"date":"2026-08-23T15:37:16","date_gmt":"2026-08-23T15:37:16","guid":{"rendered":"https:\/\/www.europesays.com\/pt\/497621\/"},"modified":"2026-08-23T15:37:16","modified_gmt":"2026-08-23T15:37:16","slug":"avancado-na-rota-do-sporting-marca-golaco-ao-flamengo-e-ajuda-a-derrotar-leonardo-jardim-2-1","status":"publish","type":"post","link":"https:\/\/www.europesays.com\/pt\/497621\/","title":{"rendered":"Avan\u00e7ado na rota do Sporting marca gola\u00e7o ao Flamengo e ajuda a derrotar Leonardo Jardim (2-1)"},"content":{"rendered":"<p><a href=\"https:\/\/www.transfermarkt.pt\/rui-borges\/profil\/trainer\/56775\" target=\"_blank\" rel=\"nofollow noopener\">Rui Borges<\/a>, treinador do <a href=\"https:\/\/www.transfermarkt.pt\/sporting-lissabon\/startseite\/verein\/336\" target=\"_blank\" rel=\"nofollow noopener\">Sporting<\/a>, esteve na confer\u00eancia de imprensa, ap\u00f3s o <a href=\"https:\/\/leonino.pt\/sporting-despacha-alverca-com-vitoria-justa-em-alvalade\" target=\"_blank\" rel=\"nofollow noopener\">triunfo por 3-1 sobre o Alverca<\/a>. O t\u00e9cnico destacou a consist\u00eancia da equipa, explicou as op\u00e7\u00f5es na defesa, <b>recusando garantir a perman\u00eancia de Gon\u00e7alo In\u00e1cio ap\u00f3s o fecho do mercado<\/b>, entre outros temas.<\/p>\n<p><\/p>\n<p><b>An\u00e1lise<\/b><\/p>\n<p>&#8220;Fizemos um jogo consistente, equilibrado em todos os momentos, do princ\u00edpio ao fim. \u00c9 not\u00f3rio que a equipa quer crescer nesse sentido da consist\u00eancia. Na primeira parte, fomos perdendo a confian\u00e7a individual com alguns maus passes, mas nunca fomos deixando o Alverca acreditar. Mesmo mais cansados na segunda parte, conseguimos estar ligados, que era o mais importante. No \u00fanico momento em que baix\u00e1mos nesse aspeto, sofremos o golo. Err\u00e1mos, mas err\u00e1mos a ganhar que \u00e9 o mais importante, como tinha dito antes&#8221;.<\/p>\n<p><\/p>\n<p><b>Mudou a dupla de centrais. Em rela\u00e7\u00e3o ao capit\u00e3o Gon\u00e7alo In\u00e1cio significa que pode estar de sa\u00edda?\u00a0<\/b><\/p>\n<p>&#8220;Mudei tr\u00eas da linha defensiva, todas as altera\u00e7\u00f5es foram por op\u00e7\u00e3o t\u00e9cnica pelo trabalho durante a semana e o que quer\u00edamos para o jogo&#8221;.<\/p>\n<p><\/p>\n<p><b>Gon\u00e7alo In\u00e1cio vai estar no Sporting depois do fecho do mercado?<\/b><\/p>\n<p>&#8220;N\u00e3o posso dar garantia pelo In\u00e1cio nem por ningu\u00e9m. Todos os jogadores t\u00eam cl\u00e1usulas. Se chegar algu\u00e9m e bater a cl\u00e1usula e eles quiserem sair, o clube tem de os deixar sair&#8221;.<\/p>\n<p><b>Luis Su\u00e1rez<\/b><\/p>\n<p>&#8220;O Luis est\u00e1 \u00e0 procura da melhor forma, fez um bom jogo, ajudou a defender e a atacar. \u00c9 sempre importante marcar golo. Tem jogado o Foitis [Ioannidis] que tem marcado e at\u00e9 o Nel fez golos na pr\u00e9-\u00e9poca. \u00c9 importante pelo coletivo&#8221;.<\/p>\n<p><b>Estreou Ba, que fez dupla com Debast. Sente que esta dupla d\u00e1 mais garantias do que a de Quaresma com In\u00e1cio<\/b><\/p>\n<p>&#8220;Esta dupla foi importante na estrat\u00e9gia deste jogo. Deu-me mais garantias durante a semana e por isso os meti a jogar. Apenas pela resposta que t\u00eam dado durante a semana. O Ivan [Fresneda] foi igual. O Vaggianidis fez dois bons jogos, mas pela estrat\u00e9gia ofensiva e defensiva para este jogo, opt\u00e1mos pelo Ivan&#8221;.<\/p>\n<p><b>Tinha dito que era importante ganhar e jogar bem para apaziguar. Era isto que queria?<\/b><\/p>\n<p>&#8220;\u00c9 bom conseguir conciliar as duas coisas. N\u00f3s queremos jogar bem. Fomos mais consistentes, mas estamos longe do que queremos. Mas esse crescimento vai levar tempo. Agora, tenho a certeza de que vamos fazer grandes jogos no futuro, neste jogo fomos equilibrados, mas queremos jogar muito melhor, sobretudo nas din\u00e2micas ofensivas&#8221;.\u00a0<\/p>\n<p><b>Ioannidis<\/b><\/p>\n<p>&#8220;Ele n\u00e3o estava a 100 por cento e opt\u00e1mos por n\u00e3o o meter em jogo. Como disse, estava com dores na zona da parede costal que o impede-o de fazer alguns movimentos. Opt\u00e1mos por n\u00e3o correr o risco, at\u00e9 porque o Luis [Su\u00e1rez] e o Nel est\u00e3o preparados para dar resposta&#8221;.<\/p>\n<p><b>Depois do golo Su\u00e1rez, n\u00e3o foi festejar com os adeptos e no final tamb\u00e9m n\u00e3o participou na sauda\u00e7\u00e3o. O que falta para as rela\u00e7\u00f5es voltarem ao normal.<\/b><\/p>\n<p>&#8220;V\u00e3o ver as imagens, ele estava com a equipa. E foi not\u00f3ria a rela\u00e7\u00e3o dos adeptos com o Su\u00e1rez no jogo&#8221;.<\/p>\n<p><b>Pergunto o porqu\u00ea da mudan\u00e7a de perfis nos refor\u00e7os para a equipa, de jogadores que pausavam mais o jogo, como Trinc\u00e3o ou Pote, para estes que t\u00eam caracter\u00edsticas claramente diferentes?<\/b><\/p>\n<p>&#8220;N\u00e3o h\u00e1 jogadores iguais. Sabemos o que contrat\u00e1mos e o crescimento n\u00e3o surge da noite para o dia. Vamos ser melhores numas coisas, menos bons noutras. Isso faz parte. Era imposs\u00edvel manter os mesmos jogadores. Dentro dos perfis que pod\u00edamos contratar, pens\u00e1mos nestes jogadores. Mas nunca olh\u00e1mos para a mudan\u00e7a de caracteristicas dos jogadores. N\u00e3o consegu\u00edamos ir buscar um Morten [Hjulmand] ou um Pote&#8221;.\u00a0<\/p>\n<p><b>Durante a semana falou-se muito do ass\u00e9dio da Premier League a Geny Catamo, que participou em dois golos. O carinho que recebeu dos adeptos tamb\u00e9m pode ajudar a segur\u00e1-lo?<\/b><\/p>\n<p>&#8220;O Geny est\u00e1 contente no Sporting, tem feito bons jogos, o que demonstra a entrega e felicidade dele.0 Sabe muito bem a confian\u00e7a que tem do treinador. Estou muito feliz pela resposta di\u00e1ria dele e nos jogos. O ass\u00e9dio \u00e9 natural. \u00c9 um grande jogador.\u00a0\u00a0\u00c9 sempre importante para os jogadores sentirem o carinho dos adeptos. Mas ele sabe a import\u00e2ncia que tem para o grupo e para o clube&#8221;.<\/p>\n<p><b>Que opini\u00e3o fica da exibi\u00e7\u00e3o do Irankunda?\u00a0<\/b><\/p>\n<p>&#8220;Sabemos as caracter\u00edsticas dele. O Alverca estava mais exposto, o Irankunda \u00e9 forte na busca de profundidade. Ele depois de duas ou tr\u00eas acelera\u00e7\u00f5es ficou abafado, o que \u00e9 natural, mas tem caracter\u00edsticas de que gostamos muito e vai ser importante para a equipa&#8221;.<\/p>\n","protected":false},"excerpt":{"rendered":"Rui Borges, treinador do Sporting, esteve na confer\u00eancia de imprensa, ap\u00f3s o triunfo por 3-1 sobre o Alverca.&hellip;\n","protected":false},"author":2,"featured_media":497622,"comment_status":"","ping_status":"","sticky":false,"template":"","format":"standard","meta":{"footnotes":"","_share_on_mastodon":"0"},"categories":[87],"tags":[135,2460,24024,32,33,34,134],"class_list":["post-497621","post","type-post","status-publish","format-standard","has-post-thumbnail","category-desporto","tag-desporto","tag-flamengo","tag-leonardo-jardim","tag-portugal","tag-pt","tag-sporting","tag-sports"],"share_on_mastodon":{"url":"https:\/\/pubeurope.com\/@pt\/117145570411665242","error":""},"_links":{"self":[{"href":"https:\/\/www.europesays.com\/pt\/wp-json\/wp\/v2\/posts\/497621","targetHints":{"allow":["GET"]}}],"collection":[{"href":"https:\/\/www.europesays.com\/pt\/wp-json\/wp\/v2\/posts"}],"about":[{"href":"https:\/\/www.europesays.com\/pt\/wp-json\/wp\/v2\/types\/post"}],"author":[{"embeddable":true,"href":"https:\/\/www.europesays.com\/pt\/wp-json\/wp\/v2\/users\/2"}],"replies":[{"embeddable":true,"href":"https:\/\/www.europesays.com\/pt\/wp-json\/wp\/v2\/comments?post=497621"}],"version-history":[{"count":0,"href":"https:\/\/www.europesays.com\/pt\/wp-json\/wp\/v2\/posts\/497621\/revisions"}],"wp:featuredmedia":[{"embeddable":true,"href":"https:\/\/www.europesays.com\/pt\/wp-json\/wp\/v2\/media\/497622"}],"wp:attachment":[{"href":"https:\/\/www.europesays.com\/pt\/wp-json\/wp\/v2\/media?parent=497621"}],"wp:term":[{"taxonomy":"category","embeddable":true,"href":"https:\/\/www.europesays.com\/pt\/wp-json\/wp\/v2\/categories?post=497621"},{"taxonomy":"post_tag","embeddable":true,"href":"https:\/\/www.europesays.com\/pt\/wp-json\/wp\/v2\/tags?post=497621"}],"curies":[{"name":"wp","href":"https:\/\/api.w.org\/{rel}","templated":true}]}}