{"id":497684,"date":"2026-08-23T16:31:17","date_gmt":"2026-08-23T16:31:17","guid":{"rendered":"https:\/\/www.europesays.com\/pt\/497684\/"},"modified":"2026-08-23T16:31:17","modified_gmt":"2026-08-23T16:31:17","slug":"ana-beatriz-nogueira-celebra-papel-em-novela-vertical-do-globoplay-televisao","status":"publish","type":"post","link":"https:\/\/www.europesays.com\/pt\/497684\/","title":{"rendered":"Ana Beatriz Nogueira celebra papel em novela vertical do Globoplay | Televis\u00e3o"},"content":{"rendered":"<p>                                        Ana Beatriz Nogueira interpreta Madalena na novela vertical \u2019Nas Profundezas do Amor\u2019 &#8211; Divulga\u00e7\u00e3o<\/p>\n<p class=\"content-media__description\">Ana Beatriz Nogueira interpreta Madalena na novela vertical \u2019Nas Profundezas do Amor\u2019Divulga\u00e7\u00e3o<\/p>\n<p>                            Publicado 23\/08\/2026 05:00\n                    <\/p>\n<p>                    Rio \u2013 Com quase 45 anos de carreira, <a href=\"https:\/\/odia.ig.com.br\/diversao\/celebridades\/2024\/07\/6881189-nicolas-prattes-fala-sobre-parceria-com-ana-beatriz-nogueira-em-nova-novela-presente.html\" target=\"_blank\" rel=\"noopener noreferrer nofollow\">Ana Beatriz Nogueira<\/a> estreia no formato das novelas verticais em &#8220;Nas Profundezas do Amor&#8221;, do Globoplay, que chega\u00a0\u00e0 plataforma de streaming nesta ter\u00e7a-feira (25), com 50 cap\u00edtulos.\u00a0Na\u00a0trama escrita por Paulo Ferreira, a atriz interpreta\u00a0Madalena, que \u00e9 contra o romance do filho Romualdo (Joaquim Lopes)\u00a0com\u00a0Serena Rosas (Jeniffer Dias),\u00a0herdeira da fam\u00edlia rival.\u00a0<\/p>\n<p>        &#13;<br \/>\n            fotogaleria&#13;<br \/>\n            &#13;<\/p>\n<p>                                <img decoding=\"async\" width=\"1279\" alt=\"Ana Beatriz Nogueira interpreta Madalena na novela vertical 'Nas Profundezas do Amor' - Divulga\u00e7\u00e3o\" class=\"lazyload\" src=\"https:\/\/www.europesays.com\/pt\/wp-content\/uploads\/2026\/08\/ana_beatriz_nogueira-39264826.jpg\"\/><\/p>\n<p>                                <img decoding=\"async\" width=\"1279\" alt=\"Ana Beatriz Nogueira interpreta Madalena na novela vertical 'Nas Profundezas do Amor' - Divulga\u00e7\u00e3o\" class=\"lazyload\" src=\"https:\/\/www.europesays.com\/pt\/wp-content\/uploads\/2026\/08\/ana_beatriz_nogueira_2-39264837.jpg\"\/><\/p>\n<p>A personagem se junta a outros pap\u00e9is emblem\u00e1ticos da atriz como m\u00e3e em folhetins como &#8220;A Vida da Gente&#8221; (2011) e &#8220;Al\u00e9m do Tempo&#8221; (2015). &#8220;Tenho 17 filhos, s\u00f3 na TV. Eu acho tudo muito gostoso, divertido. Amo fazer televis\u00e3o, acho uma farra. E peguei muitas personagens m\u00e3es, amo fazer uma m\u00e3e problem\u00e1tica, uma &#8216;m\u00e3e 171&#8242;&#8221;, afirma a atriz. &#8220;Adoro fazer m\u00e3es, e farei quantas quiserem que eu fa\u00e7a&#8221;, complementa.\u00a0<\/p>\n<p>Na novela vertical, Madalena ser\u00e1 v\u00edtima de um atentado e ficar\u00e1 gravemente ferida. A ambiciosa Zara (Thaila Ayala) aproveitar\u00e1 a situa\u00e7\u00e3o e far\u00e1 com que Serena seja acusada de ser a mentora da tentativa de assassinato da m\u00e3e do amado.\u00a0Dada como morta ap\u00f3s um inc\u00eandio, a protagonista ressurge anos depois com um novo\u00a0rosto e sob a identidade de Carmem Quevedo (J\u00e9ssica C\u00f3res).\u00a0<\/p>\n<p>Para\u00a0Ana Beatriz, um dos desafios da novela vertical \u00e9 justamente os epis\u00f3dios curtos, de aproximadamente dois minutos cada. &#8220;N\u00e3o d\u00e1 para fazer essa passada de bola de um tom para o outro. Se voc\u00ea for fazer uma pausa, uma elabora\u00e7\u00e3o, n\u00e3o tem como, acabou o cap\u00edtulo. \u00c9 realmente um novo formato, que nos interessa aprender a fazer&#8221;, analisa.\u00a0<\/p>\n<p>A nova experi\u00eancia profissional, entretanto, foi satisfat\u00f3ria para a artista. &#8220;Foi muito bacana. Todos que est\u00e3o fazendo novela vertical, n\u00e3o tem nenhuma economia de qualidade&#8221;.\u00a0Ela ainda comenta que este\u00a0formato \u00e9 uma boa oportunidade para novos atores. &#8220;\u00c9 um grande neg\u00f3cio, uma grande chamada. Abre uma porta de trabalho para muitos colegas, atores e atrizes que s\u00e3o maravilhosos.&#8221;<\/p>\n<p><strong>*Reportagem da estagi\u00e1ria Isabela Bitencourt, sob supervis\u00e3o de Isabelle Rosa<\/strong><\/p>\n","protected":false},"excerpt":{"rendered":"Ana Beatriz Nogueira interpreta Madalena na novela vertical \u2019Nas Profundezas do Amor\u2019 &#8211; Divulga\u00e7\u00e3o Ana Beatriz Nogueira interpreta&hellip;\n","protected":false},"author":2,"featured_media":497685,"comment_status":"","ping_status":"","sticky":false,"template":"","format":"standard","meta":{"footnotes":"","_share_on_mastodon":"0"},"categories":[142],"tags":[22450,114,115,3179,79680,79679,32,33,151],"class_list":["post-497684","post","type-post","status-publish","format-standard","has-post-thumbnail","category-tv","tag-ana-beatriz-nogueira","tag-entertainment","tag-entretenimento","tag-globoplay","tag-nas-profundezas-do-amor","tag-novela-vertical","tag-portugal","tag-pt","tag-tv"],"share_on_mastodon":{"url":"https:\/\/pubeurope.com\/@pt\/117145782993267076","error":""},"_links":{"self":[{"href":"https:\/\/www.europesays.com\/pt\/wp-json\/wp\/v2\/posts\/497684","targetHints":{"allow":["GET"]}}],"collection":[{"href":"https:\/\/www.europesays.com\/pt\/wp-json\/wp\/v2\/posts"}],"about":[{"href":"https:\/\/www.europesays.com\/pt\/wp-json\/wp\/v2\/types\/post"}],"author":[{"embeddable":true,"href":"https:\/\/www.europesays.com\/pt\/wp-json\/wp\/v2\/users\/2"}],"replies":[{"embeddable":true,"href":"https:\/\/www.europesays.com\/pt\/wp-json\/wp\/v2\/comments?post=497684"}],"version-history":[{"count":0,"href":"https:\/\/www.europesays.com\/pt\/wp-json\/wp\/v2\/posts\/497684\/revisions"}],"wp:featuredmedia":[{"embeddable":true,"href":"https:\/\/www.europesays.com\/pt\/wp-json\/wp\/v2\/media\/497685"}],"wp:attachment":[{"href":"https:\/\/www.europesays.com\/pt\/wp-json\/wp\/v2\/media?parent=497684"}],"wp:term":[{"taxonomy":"category","embeddable":true,"href":"https:\/\/www.europesays.com\/pt\/wp-json\/wp\/v2\/categories?post=497684"},{"taxonomy":"post_tag","embeddable":true,"href":"https:\/\/www.europesays.com\/pt\/wp-json\/wp\/v2\/tags?post=497684"}],"curies":[{"name":"wp","href":"https:\/\/api.w.org\/{rel}","templated":true}]}}