{"id":497794,"date":"2026-08-23T18:10:08","date_gmt":"2026-08-23T18:10:08","guid":{"rendered":"https:\/\/www.europesays.com\/pt\/497794\/"},"modified":"2026-08-23T18:10:08","modified_gmt":"2026-08-23T18:10:08","slug":"entre-na-festa-de-aniversario-da-mae-de-claudio-ramos-e-luis-nascimento-veja-as-fotos","status":"publish","type":"post","link":"https:\/\/www.europesays.com\/pt\/497794\/","title":{"rendered":"Entre na festa de anivers\u00e1rio da m\u00e3e de Cl\u00e1udio Ramos e Lu\u00eds Nascimento: veja as fotos!"},"content":{"rendered":"<p>A <a href=\"https:\/\/selfie.iol.pt\/famosos\/claudio-ramos\/em-dia-especial-claudio-ramos-partilha-rara-fotografia-faz-anos\/20260817\/6a82e95c0cf2b42132dbdf07\" target=\"_blank\" rel=\"nofollow noopener\">m\u00e3e de Cl\u00e1udio Ramos e Lu\u00eds Nascimento completou, recentemente, 80 anos de idade<\/a>. A festa, por sua vez, aconteceu este s\u00e1bado, dia 22, no Alentejo.<\/p>\n<p>&#8220;Ontem foi um dia que vai ficar para sempre. Celebr\u00e1mos os 80 anos da nossa m\u00e3e, na casa dela, rodeada de quase toda a fam\u00edlia. 80 anos de amor, de hist\u00f3rias, de colo que nunca faltou&#8221;, come\u00e7ou por escrever o irm\u00e3o do apresentador do &#8220;Dois \u00c0s 10&#8221;, da TVI, na legenda da publica\u00e7\u00e3o que fez no Instagram alusiva a este momento especial.<\/p>\n<p>&#8220;Obrigado, m\u00e3e, por seres o nosso centro. Que venham muitos mais&#8221;, findou Lu\u00eds Nascimento.<\/p>\n<p>Veja, agora, as imagens, na galeria que prepar\u00e1mos para si!<\/p>\n","protected":false},"excerpt":{"rendered":"A m\u00e3e de Cl\u00e1udio Ramos e Lu\u00eds Nascimento completou, recentemente, 80 anos de idade. A festa, por sua&hellip;\n","protected":false},"author":2,"featured_media":497795,"comment_status":"","ping_status":"","sticky":false,"template":"","format":"standard","meta":{"footnotes":"","_share_on_mastodon":"0"},"categories":[145],"tags":[211,210,329,801,114,115,980,1015,29715,8204,619,32,33,1014,548,1315,1012,162],"class_list":["post-497794","post","type-post","status-publish","format-standard","has-post-thumbnail","category-celebridades","tag-celebridades","tag-celebrities","tag-claudio-ramos","tag-dois-as-10","tag-entertainment","tag-entretenimento","tag-famosos","tag-instagram","tag-luis-nascimento","tag-mae","tag-nacional","tag-portugal","tag-pt","tag-reality-show","tag-redes-sociais","tag-secret-story","tag-selfie","tag-tvi"],"share_on_mastodon":{"url":"https:\/\/pubeurope.com\/@pt\/117146171657404744","error":""},"_links":{"self":[{"href":"https:\/\/www.europesays.com\/pt\/wp-json\/wp\/v2\/posts\/497794","targetHints":{"allow":["GET"]}}],"collection":[{"href":"https:\/\/www.europesays.com\/pt\/wp-json\/wp\/v2\/posts"}],"about":[{"href":"https:\/\/www.europesays.com\/pt\/wp-json\/wp\/v2\/types\/post"}],"author":[{"embeddable":true,"href":"https:\/\/www.europesays.com\/pt\/wp-json\/wp\/v2\/users\/2"}],"replies":[{"embeddable":true,"href":"https:\/\/www.europesays.com\/pt\/wp-json\/wp\/v2\/comments?post=497794"}],"version-history":[{"count":0,"href":"https:\/\/www.europesays.com\/pt\/wp-json\/wp\/v2\/posts\/497794\/revisions"}],"wp:featuredmedia":[{"embeddable":true,"href":"https:\/\/www.europesays.com\/pt\/wp-json\/wp\/v2\/media\/497795"}],"wp:attachment":[{"href":"https:\/\/www.europesays.com\/pt\/wp-json\/wp\/v2\/media?parent=497794"}],"wp:term":[{"taxonomy":"category","embeddable":true,"href":"https:\/\/www.europesays.com\/pt\/wp-json\/wp\/v2\/categories?post=497794"},{"taxonomy":"post_tag","embeddable":true,"href":"https:\/\/www.europesays.com\/pt\/wp-json\/wp\/v2\/tags?post=497794"}],"curies":[{"name":"wp","href":"https:\/\/api.w.org\/{rel}","templated":true}]}}