{"id":497922,"date":"2026-08-23T20:10:11","date_gmt":"2026-08-23T20:10:11","guid":{"rendered":"https:\/\/www.europesays.com\/pt\/497922\/"},"modified":"2026-08-23T20:10:11","modified_gmt":"2026-08-23T20:10:11","slug":"samara-felippo-apresenta-projeto-revelando-no-youtube-23-08-2026-monica-bergamo","status":"publish","type":"post","link":"https:\/\/www.europesays.com\/pt\/497922\/","title":{"rendered":"Samara Felippo apresenta projeto &#8216;Revelando&#8217; no YouTube &#8211; 23\/08\/2026 &#8211; M\u00f4nica Bergamo"},"content":{"rendered":"<p>A atriz Samara Felippo vai apresentar o primeiro epis\u00f3dio da s\u00e9rie &#8220;Revelando&#8221;, projeto liderado pela produtora Alessandra Orofino com grandes reportagens sobre fatos pouco conhecidos no pa\u00eds. Na estreia nesta ter\u00e7a (25), o tema abordado ser\u00e1 as tentativas que j\u00e1 ocorreram de esteriliza\u00e7\u00e3o em massa de mulheres.<\/p>\n<p>O programa, disponibilizado gratuitamente no <a href=\"https:\/\/www1.folha.uol.com.br\/folha-topicos\/youtube\/\" rel=\"nofollow noopener\" target=\"_blank\">YouTube<\/a>, mostrar\u00e1 que uma CPI (Comiss\u00e3o Parlamentar de Inqu\u00e9rito) foi aberta no Congresso Nacional nos anos 1990 para apurar den\u00fancias de realiza\u00e7\u00e3o de laqueaduras em mulheres em idade f\u00e9rtil. &#8220;A maternidade deveria ser uma escolha. Nem uma imposi\u00e7\u00e3o e nem uma castra\u00e7\u00e3o. Esse projeto eugenista de esteriliza\u00e7\u00e3o foi uma das coisas mais cru\u00e9is que tive conhecimento. Tenho medo que hoje muitas mulheres ainda sejam enganadas por falta de informa\u00e7\u00e3o&#8221;, diz Samara em nota \u00e0 coluna.<\/p>\n<p>Golpes no <a href=\"https:\/\/www1.folha.uol.com.br\/folha-topicos\/pix\/\" rel=\"nofollow noopener\" target=\"_blank\">Pix<\/a>, a rotina das empregadas dom\u00e9sticas no pa\u00eds, as tentativas de privatiza\u00e7\u00e3o de praias no pa\u00eds e os bastidores financeiros da igreja da Lagoinha ser\u00e3o assuntos abordados em outros epis\u00f3dios da s\u00e9rie.<\/p>\n<p>O projeto \u00e9 idealizado por um coletivo de profissionais de comunica\u00e7\u00e3o. S\u00f3cia-fundadora da Peri Filmes, produtora do podcast Calma Urgente e do filme &#8220;Apocalipse nos Tr\u00f3picos&#8221;, Alessandra Orofino comanda a iniciativa.<\/p>\n<p>com <strong>DIEGO ALEJANDRO, JULLIA GOUVEIA e KARINA MATIAS<\/strong> <\/p>\n<p class=\"c-context__content\">&#13;<br \/>\n    <strong>LINK PRESENTE:<\/strong> Gostou deste texto? Assinante pode liberar sete acessos gratuitos de qualquer link por dia. Basta clicar no F azul abaixo.&#13;\n  <\/p>\n","protected":false},"excerpt":{"rendered":"A atriz Samara Felippo vai apresentar o primeiro epis\u00f3dio da s\u00e9rie &#8220;Revelando&#8221;, projeto liderado pela produtora Alessandra Orofino&hellip;\n","protected":false},"author":2,"featured_media":497923,"comment_status":"","ping_status":"","sticky":false,"template":"","format":"standard","meta":{"footnotes":"","_share_on_mastodon":"0"},"categories":[145],"tags":[211,210,114,115,236,549,66634,803,32,33,548,3936,218,3004],"class_list":["post-497922","post","type-post","status-publish","format-standard","has-post-thumbnail","category-celebridades","tag-celebridades","tag-celebrities","tag-entertainment","tag-entretenimento","tag-folha","tag-internet","tag-pagamentos-instantaneos","tag-podcast","tag-portugal","tag-pt","tag-redes-sociais","tag-samara-felippo","tag-televisao","tag-youtube"],"share_on_mastodon":{"url":"https:\/\/pubeurope.com\/@pt\/117146643672910446","error":""},"_links":{"self":[{"href":"https:\/\/www.europesays.com\/pt\/wp-json\/wp\/v2\/posts\/497922","targetHints":{"allow":["GET"]}}],"collection":[{"href":"https:\/\/www.europesays.com\/pt\/wp-json\/wp\/v2\/posts"}],"about":[{"href":"https:\/\/www.europesays.com\/pt\/wp-json\/wp\/v2\/types\/post"}],"author":[{"embeddable":true,"href":"https:\/\/www.europesays.com\/pt\/wp-json\/wp\/v2\/users\/2"}],"replies":[{"embeddable":true,"href":"https:\/\/www.europesays.com\/pt\/wp-json\/wp\/v2\/comments?post=497922"}],"version-history":[{"count":0,"href":"https:\/\/www.europesays.com\/pt\/wp-json\/wp\/v2\/posts\/497922\/revisions"}],"wp:featuredmedia":[{"embeddable":true,"href":"https:\/\/www.europesays.com\/pt\/wp-json\/wp\/v2\/media\/497923"}],"wp:attachment":[{"href":"https:\/\/www.europesays.com\/pt\/wp-json\/wp\/v2\/media?parent=497922"}],"wp:term":[{"taxonomy":"category","embeddable":true,"href":"https:\/\/www.europesays.com\/pt\/wp-json\/wp\/v2\/categories?post=497922"},{"taxonomy":"post_tag","embeddable":true,"href":"https:\/\/www.europesays.com\/pt\/wp-json\/wp\/v2\/tags?post=497922"}],"curies":[{"name":"wp","href":"https:\/\/api.w.org\/{rel}","templated":true}]}}