{"id":49811,"date":"2025-08-29T08:56:17","date_gmt":"2025-08-29T08:56:17","guid":{"rendered":"https:\/\/www.europesays.com\/pt\/49811\/"},"modified":"2025-08-29T08:56:17","modified_gmt":"2025-08-29T08:56:17","slug":"ministra-assume-que-nem-tudo-correu-bem-e-aumenta-em-25-diaria-dos-bombeiros-incendios","status":"publish","type":"post","link":"https:\/\/www.europesays.com\/pt\/49811\/","title":{"rendered":"Ministra assume que \u201cnem tudo correu bem\u201d e aumenta em 25% di\u00e1ria dos bombeiros | Inc\u00eandios"},"content":{"rendered":"<p>A <a href=\"https:\/\/www.publico.pt\/2025\/08\/14\/sociedade\/noticia\/ministra-incendios-responsabilidade-decisao-precisa-tranquilidade-sossego-2143993\" rel=\"nofollow noopener\" target=\"_blank\">ministra da Administra\u00e7\u00e3o Interna<\/a> admitiu que &#8220;nem tudo correu bem&#8221; na gest\u00e3o dos inc\u00eandios, mas recusou que tenha existido um colapso do sistema de combate aos fogos. Maria L\u00facia Amaral anunciou que os bombeiros que combateram os <a href=\"https:\/\/www.publico.pt\/2025\/08\/26\/azul\/noticia\/portugal-ardeu-quarto-milhao-hectares-consumido-fogo-ue-ano-2145037\" rel=\"nofollow noopener\" target=\"_blank\">inc\u00eandios deste Ver\u00e3o<\/a> ter\u00e3o uma majora\u00e7\u00e3o de 25% na remunera\u00e7\u00e3o di\u00e1ria de 26 de Julho at\u00e9 meados de Setembro.<\/p>\n<p>&#8220;Com esta dimens\u00e3o de cat\u00e1strofe \u00e9 evidente que <a href=\"https:\/\/www.publico.pt\/2025\/08\/14\/sociedade\/noticia\/portugal-situacao-alerta-ate-domingo-meios-sao-limitados-ministra-2144038\" rel=\"nofollow noopener\" target=\"_blank\">nem tudo correu bem<\/a> e agora \u00e9 tempo de compreender o que se passou e de avaliar&#8221;, assumiu a ministra, em declara\u00e7\u00f5es aos jornalistas, transmitidas pela RTP3, durante uma visita aos Bombeiros Volunt\u00e1rios de Serpins, na Lous\u00e3. &#8220;Depois de termos sofrido tudo isto, \u00e9 tempo de reconstruir, definir metas, olhar seriamente para os problemas e de ajudar&#8221; os afectados pelos fogos, considerou.<\/p>\n<p>Sobre o sistema de coordena\u00e7\u00e3o dos inc\u00eandios da Protec\u00e7\u00e3o Civil, Maria L\u00facia Amaral recusou que tenha existido um colapso, mas admitiu que &#8220;a an\u00e1lise cr\u00edtica&#8221; sobre o sistema &#8220;estar\u00e1 sobre a mesa&#8221;. &#8220;O pa\u00eds respondeu de acordo com o sistema, que tem um desenho institucional, e como esta \u00e9 a hora de compreender e de avaliar o que se passou, evidentemente a an\u00e1lise cr\u00edtica sobre esse sistema institucional estar\u00e1 sobre a mesa&#8221;, assinalou.<\/p>\n<p>Maria L\u00facia Amaral avan\u00e7ou ainda que, &#8220;por resolu\u00e7\u00e3o do Conselho de Ministros&#8221;, foi decidido que os bombeiros do dispositivo especial de combate aos inc\u00eandios rurais v\u00e3o receber uma majora\u00e7\u00e3o de 25% na remunera\u00e7\u00e3o di\u00e1ria de 26 de Julho at\u00e9 27 de Agosto, a qual &#8220;se prolongar\u00e1 por mais 15 dias&#8221;.<\/p>\n<p>A governante refor\u00e7ou ainda que o compromisso do executivo \u00e9 definir o estatuto profissional para os bombeiros que t\u00eam um contrato de trabalho permanente com as associa\u00e7\u00f5es humanit\u00e1rias. &#8220;A preocupa\u00e7\u00e3o e o reconhecimento profundo que temos perante os nossos bombeiros traduzir-se-\u00e1 no compromisso que assumimos, e que consta do Programa do Governo, de definir o seu estatuto profissional para aqueles que t\u00eam um contrato de trabalho permanente com as associa\u00e7\u00f5es humanit\u00e1rias locais&#8221;, disse Maria L\u00facia Amaral, sublinhando que a defini\u00e7\u00e3o &#8220;rigorosa e justa do seu estatuto profissional ser\u00e1 uma preocupa\u00e7\u00e3o do Governo&#8221; ao longo dos pr\u00f3ximos meses.<\/p>\n<p>Quanto \u00e0 proposta do PS para a constitui\u00e7\u00e3o de uma <a href=\"https:\/\/www.publico.pt\/2025\/08\/26\/politica\/noticia\/chega-forca-inquerito-incendios-comissao-independente-ps-tambem-avancar-2145054\" rel=\"nofollow noopener\" target=\"_blank\">comiss\u00e3o t\u00e9cnica independente<\/a> \u2014 e que Hugo Soares, l\u00edder da bancada parlamentar, do PSD, j\u00e1 disse ver &#8220;<a href=\"https:\/\/www.publico.pt\/2025\/08\/25\/politica\/noticia\/psd-viabiliza-comissao-tecnica-incendios-nao-inquerito-2144940\" rel=\"nofollow noopener\" target=\"_blank\">com bons olhos<\/a>&#8221; \u2014, a ministra disse que o drama dos inc\u00eandios \u00e9, em parte, um problema que &#8220;nos transcende&#8221; e, por isso, &#8220;s\u00f3 quem sabe, quem estuda, quem tem a ci\u00eancia, a t\u00e9cnica pode ajudar o poder pol\u00edtico a enfrentar esse problema&#8221;. &#8220;Todo o contributo dos estudiosos&#8221; \u00e9 &#8220;muit\u00edssimo bem-vindo&#8221; para a &#8220;decis\u00e3o pol\u00edtica&#8221;, assegurou.<\/p>\n","protected":false},"excerpt":{"rendered":"A ministra da Administra\u00e7\u00e3o Interna admitiu que &#8220;nem tudo correu bem&#8221; na gest\u00e3o dos inc\u00eandios, mas recusou que&hellip;\n","protected":false},"author":2,"featured_media":49812,"comment_status":"","ping_status":"","sticky":false,"template":"","format":"standard","meta":{"footnotes":""},"categories":[10],"tags":[627,27,28,15,16,301,14,2830,25,26,21,22,5611,3574,12,13,19,20,52,32,23,24,33,17,18,29,30,31],"class_list":{"0":"post-49811","1":"post","2":"type-post","3":"status-publish","4":"format-standard","5":"has-post-thumbnail","7":"category-portugal","8":"tag-bombeiros","9":"tag-breaking-news","10":"tag-breakingnews","11":"tag-featured-news","12":"tag-featurednews","13":"tag-governo","14":"tag-headlines","15":"tag-incendios","16":"tag-latest-news","17":"tag-latestnews","18":"tag-main-news","19":"tag-mainnews","20":"tag-maria-lucia-amaral","21":"tag-ministerio-da-administracao-interna","22":"tag-news","23":"tag-noticias","24":"tag-noticias-principais","25":"tag-noticiasprincipais","26":"tag-politica","27":"tag-portugal","28":"tag-principais-noticias","29":"tag-principaisnoticias","30":"tag-pt","31":"tag-top-stories","32":"tag-topstories","33":"tag-ultimas","34":"tag-ultimas-noticias","35":"tag-ultimasnoticias"},"share_on_mastodon":{"url":"","error":""},"_links":{"self":[{"href":"https:\/\/www.europesays.com\/pt\/wp-json\/wp\/v2\/posts\/49811","targetHints":{"allow":["GET"]}}],"collection":[{"href":"https:\/\/www.europesays.com\/pt\/wp-json\/wp\/v2\/posts"}],"about":[{"href":"https:\/\/www.europesays.com\/pt\/wp-json\/wp\/v2\/types\/post"}],"author":[{"embeddable":true,"href":"https:\/\/www.europesays.com\/pt\/wp-json\/wp\/v2\/users\/2"}],"replies":[{"embeddable":true,"href":"https:\/\/www.europesays.com\/pt\/wp-json\/wp\/v2\/comments?post=49811"}],"version-history":[{"count":0,"href":"https:\/\/www.europesays.com\/pt\/wp-json\/wp\/v2\/posts\/49811\/revisions"}],"wp:featuredmedia":[{"embeddable":true,"href":"https:\/\/www.europesays.com\/pt\/wp-json\/wp\/v2\/media\/49812"}],"wp:attachment":[{"href":"https:\/\/www.europesays.com\/pt\/wp-json\/wp\/v2\/media?parent=49811"}],"wp:term":[{"taxonomy":"category","embeddable":true,"href":"https:\/\/www.europesays.com\/pt\/wp-json\/wp\/v2\/categories?post=49811"},{"taxonomy":"post_tag","embeddable":true,"href":"https:\/\/www.europesays.com\/pt\/wp-json\/wp\/v2\/tags?post=49811"}],"curies":[{"name":"wp","href":"https:\/\/api.w.org\/{rel}","templated":true}]}}