{"id":498146,"date":"2026-08-24T00:04:17","date_gmt":"2026-08-24T00:04:17","guid":{"rendered":"https:\/\/www.europesays.com\/pt\/498146\/"},"modified":"2026-08-24T00:04:17","modified_gmt":"2026-08-24T00:04:17","slug":"jean-grey-vai-bem-no-cinema-mas-novo-visual-nas-hqs-divide","status":"publish","type":"post","link":"https:\/\/www.europesays.com\/pt\/498146\/","title":{"rendered":"Jean Grey vai bem no cinema, mas novo visual nas HQs divide"},"content":{"rendered":"\n<p><strong>Jean Grey<\/strong> alcan\u00e7ou um novo patamar de popularidade gra\u00e7as \u00e0 sua apari\u00e7\u00e3o em <strong>Homem-Aranha: Um Novo Dia<\/strong>. Ela se tornou a primeira mutante a integrar oficialmente o <strong>MCU<\/strong>, sem contar a <strong>Capit\u00e3 Marvel. <\/strong><\/p>\n<p>Isso abre caminho para o <strong>X-Men<\/strong> de 2028, j\u00e1 com bastante atraso na vis\u00e3o de muitos f\u00e3s. A performance elogiada de <strong>Sadie Sink<\/strong> s\u00f3 aumentou essa expectativa. A <strong>Marvel Comics <\/strong>dificilmente deixaria passar a chance de aproveitar esse momento tamb\u00e9m nas p\u00e1ginas dos gibis.<\/p>\n<p> Um retorno adiado desde o fim de Krakoa <\/p>\n<p><strong>Jean <\/strong>vive uma fase estranha desde o encerramento da <strong>Era Krakoa.<\/strong> Ela finalmente recebeu a <strong>For\u00e7a F\u00eanix <\/strong>por completo, atendendo a um pedido antigo dos f\u00e3s. <\/p>\n<p>Em vez de segui-la nas fileiras dos <strong>X-Men,<\/strong> por\u00e9m, a editora a mandou para o espa\u00e7o em aventuras solo na revista Phoenix. A publica\u00e7\u00e3o foi cancelada. Agora a <strong>Marvel <\/strong>tenta de novo com <strong>Jean Grey<\/strong>, miniss\u00e9rie de cinco edi\u00e7\u00f5es que chega \u00e0s bancas em <strong>25 de novembro de 2026.<\/strong><\/p>\n<p> O que muda com a nova fase editorial <\/p>\n<p>Depois do fracasso da tentativa anterior, a <strong>Marvel <\/strong>parece levar essa nova aposta a s\u00e9rio. O roteirista <strong>Jed MacKay,<\/strong> de <strong>X-Men<\/strong>, assina o novo t\u00edtulo ao lado do desenhista <strong>Roge Antonio,<\/strong> de <strong>Ciclope<\/strong>. A miniss\u00e9rie chega logo depois de <strong>DNX<\/strong>, crossover entre <strong>X-Men <\/strong>e <strong>Quarteto Fant\u00e1stico q<\/strong>ue lida com a amea\u00e7a do <strong>Fera <\/strong>maligno e da entidade <strong>3K<\/strong>. <\/p>\n<p>Em entrevista ao site AIPT, o editor de grupo dos<strong> X-Men<\/strong>, <strong>Tom Brevoort, <\/strong>comentou os desdobramentos do evento.<\/p>\n<blockquote class=\"wp-block-quote is-layout-flow wp-block-quote-is-layout-flow\">\n<p>Em termos de consequ\u00eancias, voc\u00eas j\u00e1 sabem de uma coisa que vem diretamente dali: <strong>Jean Grey<\/strong>. E isso tamb\u00e9m vai impactar o lan\u00e7amento de <strong>Maximum X-Men.<\/strong> Mas o lugar onde isso vai bater mais forte \u00e9 no Alasca e na fatia da hist\u00f3ria que pertence ao <strong>Jed<\/strong>, onde o impacto ser\u00e1 relativamente s\u00edsmico.<\/p>\n<\/blockquote>\n<p> Por que agora era a hora certa, segundo o roteirista <\/p>\n<p><strong>MacKay <\/strong>tamb\u00e9m explicou por que decidiu trazer <strong>Jean <\/strong>de volta justamente agora. A personagem estava impedida de integrar o time principal enquanto a revista Phoenix ainda estava no ar. Mesmo depois do cancelamento, ele preferiu esperar o momento certo. <\/p>\n<p>Adicionar a <strong>F\u00eanix <\/strong>a uma equipe desequilibra bastante o time. Agora, p\u00f3s-<strong>DNX<\/strong>, os <strong>X-Men <\/strong>precisam de Jean, e ela precisa dos <strong>X-Men<\/strong>. \u00c9 um encaixe que coincide com o pico de visibilidade da personagem no cinema.<\/p>\n<p> O novo visual que reacendeu cr\u00edticas antigas <\/p>\n<p><strong>Jean Grey<\/strong> sempre teve figurinos marcantes ao longo das d\u00e9cadas, parte da tradi\u00e7\u00e3o de bom gosto visual dos<strong> X-Men<\/strong> nos quadrinhos. Seus \u00faltimos trajes como <strong>F\u00eanix<\/strong>, por\u00e9m, ficaram devendo perto dos cl\u00e1ssicos. Nada de errado neles, mas eram combina\u00e7\u00f5es seguras de elementos antigos, sem muita originalidade. <\/p>\n<p>O novo visual mant\u00e9m as cores azul e amarelo da equipe, al\u00e9m do capuz que cobre a cabe\u00e7a, marca registrada da personagem desde 1991. Os f\u00e3s, por\u00e9m, notaram uma semelhan\u00e7a e tanto com um antigo uniforme da fase <strong>X-Factor <\/strong>dos anos 1990. Os ajustes ficaram por conta do X no peito e das botas.<\/p>\n<p>  <img fetchpriority=\"high\" decoding=\"async\" width=\"1024\" height=\"1024\" data-id=\"216709\" src=\"https:\/\/www.europesays.com\/pt\/wp-content\/uploads\/2026\/08\/jean-grey-atual-1024x1024.jpg\" alt=\"\" class=\"wp-image-216709\"   data-eio=\"p\"\/>Vers\u00e3o atual\/Reprodu\u00e7\u00e3o\/Marvel Comics <img loading=\"lazy\" decoding=\"async\" width=\"746\" height=\"1024\" data-id=\"216710\" src=\"https:\/\/www.europesays.com\/pt\/wp-content\/uploads\/2026\/08\/jean-grey-x-force-e1787168164350-746x1024.jpg\" alt=\"\" class=\"wp-image-216710\"   data-eio=\"p\"\/>Vers\u00e3o da X-Force nos anos 90 \u2013 Reprodu\u00e7\u00e3o\/Marvel Comics  <\/p>\n<p>A cr\u00edtica de que os t\u00edtulos de <strong>X-Men <\/strong>v\u00eam reciclando nostalgia desde o fim de <strong>Krakoa <\/strong>n\u00e3o \u00e9 exatamente nova. Isso vale sobretudo para os figurinos. Ainda assim, boa parte da recep\u00e7\u00e3o nas redes classificou o resultado como sem gra\u00e7a. <\/p>\n<p>O padr\u00e3o refor\u00e7a uma li\u00e7\u00e3o que a <strong>Marvel <\/strong>parece demorar para aprender. Vale lembrar que a <strong>For\u00e7a F\u00eanix <\/strong>j\u00e1 gerou discuss\u00e3o intensa entre os f\u00e3s antes: <a href=\"https:\/\/www.einerd.com.br\/x-men-fenix-negra-easter-eggs\/\" rel=\"nofollow noopener\" target=\"_blank\">a adapta\u00e7\u00e3o cinematogr\u00e1fica da saga, mal recebida pela cr\u00edtica, tamb\u00e9m dividiu opini\u00f5es acaloradas na \u00e9poca do lan\u00e7amento<\/a>.<\/p>\n<p> Um retorno necess\u00e1rio, apesar do figurino <\/p>\n<p>Independentemente da recep\u00e7\u00e3o ao visual, trazer <strong>Jean <\/strong>de volta \u00e0 Terra depois de mais de um ano isolada no espa\u00e7o parece a decis\u00e3o certa. As pr\u00f3prias declara\u00e7\u00f5es de <strong>MacKay <\/strong>confirmam uma suspeita antiga dos f\u00e3s. A personagem, com todo o poder da <strong>F\u00eanix<\/strong>, era forte demais para as hist\u00f3rias que ele queria contar. Antes, era preciso reequilibrar as coisas. <\/p>\n<p>Os<strong> X-Men<\/strong> carregam um buraco em formato de <strong>Jean Grey <\/strong>desde 2024. A <strong>Marvel <\/strong>finalmente parece disposta a preench\u00ea-lo, ainda que o guarda-roupa da personagem precise de outra revis\u00e3o. O retorno da mutante aos quadrinhos coincide, ali\u00e1s, com <a href=\"https:\/\/www.einerd.com.br\/saiba-quem-e-a-personagem-de-jessica-chastain-em-x-men-fenix-negra\/\" rel=\"nofollow noopener\" target=\"_blank\">um momento em que a vers\u00e3o cinematogr\u00e1fica cl\u00e1ssica da <strong>F\u00eanix <\/strong>ainda gera compara\u00e7\u00f5es entre f\u00e3s mais antigos<\/a>. <\/p>\n<p>\u00c9 prova de que a saga segue como um dos cap\u00edtulos mais discutidos da mitologia mutante.<\/p>\n","protected":false},"excerpt":{"rendered":"Jean Grey alcan\u00e7ou um novo patamar de popularidade gra\u00e7as \u00e0 sua apari\u00e7\u00e3o em Homem-Aranha: Um Novo Dia. Ela&hellip;\n","protected":false},"author":2,"featured_media":498147,"comment_status":"","ping_status":"","sticky":false,"template":"","format":"standard","meta":{"footnotes":"","_share_on_mastodon":"0"},"categories":[140],"tags":[114,115,147,148,79789,32310,11189,146,32,33,10306,8107],"class_list":["post-498146","post","type-post","status-publish","format-standard","has-post-thumbnail","category-filmes","tag-entertainment","tag-entretenimento","tag-film","tag-filmes","tag-forca-fenix","tag-jean-grey","tag-mcu","tag-movies","tag-portugal","tag-pt","tag-sadie-sink","tag-x-men"],"share_on_mastodon":{"url":"https:\/\/pubeurope.com\/@pt\/117147564610310875","error":""},"_links":{"self":[{"href":"https:\/\/www.europesays.com\/pt\/wp-json\/wp\/v2\/posts\/498146","targetHints":{"allow":["GET"]}}],"collection":[{"href":"https:\/\/www.europesays.com\/pt\/wp-json\/wp\/v2\/posts"}],"about":[{"href":"https:\/\/www.europesays.com\/pt\/wp-json\/wp\/v2\/types\/post"}],"author":[{"embeddable":true,"href":"https:\/\/www.europesays.com\/pt\/wp-json\/wp\/v2\/users\/2"}],"replies":[{"embeddable":true,"href":"https:\/\/www.europesays.com\/pt\/wp-json\/wp\/v2\/comments?post=498146"}],"version-history":[{"count":0,"href":"https:\/\/www.europesays.com\/pt\/wp-json\/wp\/v2\/posts\/498146\/revisions"}],"wp:featuredmedia":[{"embeddable":true,"href":"https:\/\/www.europesays.com\/pt\/wp-json\/wp\/v2\/media\/498147"}],"wp:attachment":[{"href":"https:\/\/www.europesays.com\/pt\/wp-json\/wp\/v2\/media?parent=498146"}],"wp:term":[{"taxonomy":"category","embeddable":true,"href":"https:\/\/www.europesays.com\/pt\/wp-json\/wp\/v2\/categories?post=498146"},{"taxonomy":"post_tag","embeddable":true,"href":"https:\/\/www.europesays.com\/pt\/wp-json\/wp\/v2\/tags?post=498146"}],"curies":[{"name":"wp","href":"https:\/\/api.w.org\/{rel}","templated":true}]}}