{"id":498174,"date":"2026-08-24T00:41:44","date_gmt":"2026-08-24T00:41:44","guid":{"rendered":"https:\/\/www.europesays.com\/pt\/498174\/"},"modified":"2026-08-24T00:41:44","modified_gmt":"2026-08-24T00:41:44","slug":"saude-conhecida-cantora-portuguesa-de-23-anos-causa-preocupacao-apos-cancelar-concertos-por-motivos-de-saude","status":"publish","type":"post","link":"https:\/\/www.europesays.com\/pt\/498174\/","title":{"rendered":"Sa\u00fade &#8211; Conhecida cantora portuguesa de 23 anos causa preocupa\u00e7\u00e3o ap\u00f3s cancelar concertos por motivos de sa\u00fade"},"content":{"rendered":"<p>Dias depois de um <a href=\"https:\/\/www.novagente.pt\/saude-cantor-obrigado-afastar-se-dos-palcos-devido-problema-de-saude-diagnosticado-com\" target=\"_blank\" rel=\"nofollow noopener\">artista super conhecido ter-se afastado dos palcos por quest\u00f5es de sa\u00fade<\/a>, tamb\u00e9m\u00a0<strong>Nenny<\/strong>, cantora de 23\u00a0anos,<strong>\u00a0<\/strong>colocou a carreira temporariamente em pausa por motivos de sa\u00fade. A informa\u00e7\u00e3o chegou atrav\u00e9s da\u00a0ag\u00eancia da artista, <strong>a Sons em Tr\u00e2nsito<\/strong>.<\/p>\n<p>Em comunicado, anunciou o\u00a0afastamento da jovem dos palcos, garantindo que assim ser\u00e3o dadas novidades em breve sobre &#8220;o retorno aos palcos&#8221;.<\/p>\n<p>&#8220;Comunicamos que Nenny vai pausar temporariamente os seus compromissos em palcos para se focar na sua sa\u00fade. Agradecemos sinceramente aos f\u00e3s, equipas t\u00e9cnicas e promotores pelo apoio e compreens\u00e3o&#8221;, pode ler-se na nota divulgada.<\/p>\n<p>Nenny quebra sil\u00eancio<\/p>\n<p>Perante o alarido que se gerou, foi a pr\u00f3pria artista quem recorreu \u00e0s redes sociais para garantir que n\u00e3o se passa nada de grave e que tudo estar\u00e1 ultrapassado a breve trecho.<\/p>\n<p>&#8220;Para quem viu o comunicado, queria dizer que estou bem, n\u00e3o \u00e9 nada de grave. Estou em casa a recuperar e, em breve, estou de volta&#8221;, escreveu a jovem.<\/p>\n<p>Texto: Tom\u00e1s Casc\u00e3o; Fotos: Redes sociais<\/p>\n<p>\u00a0<\/p>\n<p>\u00a0<\/p>\n<p class=\"intagram-text\">Siga a Nova Gente no Instagram<\/p>\n<p>                        <a href=\"https:\/\/www.instagram.com\/revistanovagente\/\" target=\"_blank\" aria-label=\"instagram\" rel=\"noopener nofollow\"><img decoding=\"async\" style=\"display: block; margin-left: auto; margin-right: auto; width: 250px; height: 83px;\" src=\"https:\/\/www.europesays.com\/pt\/wp-content\/uploads\/2026\/08\/1787532104_132_Instagram_NG.png\" alt=\"instagram\"\/><\/a><br \/>\n                    <script async src=\"\/\/www.instagram.com\/embed.js\"><\/script><\/p>\n","protected":false},"excerpt":{"rendered":"Dias depois de um artista super conhecido ter-se afastado dos palcos por quest\u00f5es de sa\u00fade, tamb\u00e9m\u00a0Nenny, cantora de&hellip;\n","protected":false},"author":2,"featured_media":498175,"comment_status":"","ping_status":"","sticky":false,"template":"","format":"standard","meta":{"footnotes":"","_share_on_mastodon":"0"},"categories":[85],"tags":[166,114,115,1437,32,33,117],"class_list":["post-498174","post","type-post","status-publish","format-standard","has-post-thumbnail","category-entretenimento","tag-cristina-ferreira","tag-entertainment","tag-entretenimento","tag-morte","tag-portugal","tag-pt","tag-saude"],"share_on_mastodon":{"url":"https:\/\/pubeurope.com\/@pt\/117147709810644723","error":""},"_links":{"self":[{"href":"https:\/\/www.europesays.com\/pt\/wp-json\/wp\/v2\/posts\/498174","targetHints":{"allow":["GET"]}}],"collection":[{"href":"https:\/\/www.europesays.com\/pt\/wp-json\/wp\/v2\/posts"}],"about":[{"href":"https:\/\/www.europesays.com\/pt\/wp-json\/wp\/v2\/types\/post"}],"author":[{"embeddable":true,"href":"https:\/\/www.europesays.com\/pt\/wp-json\/wp\/v2\/users\/2"}],"replies":[{"embeddable":true,"href":"https:\/\/www.europesays.com\/pt\/wp-json\/wp\/v2\/comments?post=498174"}],"version-history":[{"count":0,"href":"https:\/\/www.europesays.com\/pt\/wp-json\/wp\/v2\/posts\/498174\/revisions"}],"wp:featuredmedia":[{"embeddable":true,"href":"https:\/\/www.europesays.com\/pt\/wp-json\/wp\/v2\/media\/498175"}],"wp:attachment":[{"href":"https:\/\/www.europesays.com\/pt\/wp-json\/wp\/v2\/media?parent=498174"}],"wp:term":[{"taxonomy":"category","embeddable":true,"href":"https:\/\/www.europesays.com\/pt\/wp-json\/wp\/v2\/categories?post=498174"},{"taxonomy":"post_tag","embeddable":true,"href":"https:\/\/www.europesays.com\/pt\/wp-json\/wp\/v2\/tags?post=498174"}],"curies":[{"name":"wp","href":"https:\/\/api.w.org\/{rel}","templated":true}]}}