{"id":498620,"date":"2026-08-24T12:35:26","date_gmt":"2026-08-24T12:35:26","guid":{"rendered":"https:\/\/www.europesays.com\/pt\/498620\/"},"modified":"2026-08-24T12:35:26","modified_gmt":"2026-08-24T12:35:26","slug":"poco-f9-tem-lancamento-global-confirmado-veja-quando-o-celular-chega","status":"publish","type":"post","link":"https:\/\/www.europesays.com\/pt\/498620\/","title":{"rendered":"POCO F9 tem lan\u00e7amento global confirmado; veja quando o celular chega"},"content":{"rendered":"<p>Ap\u00f3s muitos <a class=\"lib tg-lib\" href=\"https:\/\/www.oficinadanet.com.br\/rumores\" rel=\"nofollow noopener\" target=\"_blank\">rumores<\/a> e vazamentos, a fam\u00edlia <strong>POCO F9<\/strong> finalmente est\u00e1 se aproximando do lan\u00e7amento oficial. A pr\u00f3pria POCO confirmou que a s\u00e9rie ser\u00e1 apresentada globalmente em <strong>1\u00ba de setembro, \u00e0s 20h<\/strong> no hor\u00e1rio de Pequim (GMT+8). O evento ser\u00e1 transmitido ao vivo, mas a fabricante ainda mant\u00e9m certo mist\u00e9rio sobre quais aparelhos estar\u00e3o no palco durante a apresenta\u00e7\u00e3o.<\/p>\n<p>De acordo com os \u00faltimos relat\u00f3rios, podemos esperar os modelos <strong>POCO F9 Pro e POCO F9 Ultra<\/strong>. Ambos, ali\u00e1s, j\u00e1 apareceram em diferentes sites de certifica\u00e7\u00e3o, algo que refor\u00e7a a expectativa de que o an\u00fancio esteja pr\u00f3ximo. A empresa, por enquanto, fala apenas em uma nova s\u00e9rie F9 e n\u00e3o confirmou nomes.<\/p>\n<p>POCO F9 Pro e F9 Ultra<\/p>\n<p>Uma das principais especula\u00e7\u00f5es envolvendo a nova gera\u00e7\u00e3o est\u00e1 na poss\u00edvel rela\u00e7\u00e3o com a linha Redmi K100. Informa\u00e7\u00f5es divulgadas anteriormente indicam que o <strong>POCO F9 Pro<\/strong> pode ser baseado no<strong> Redmi K100 Pro<\/strong>, enquanto o <strong>POCO F9 Ultra <\/strong>teria rela\u00e7\u00e3o com o<strong> Redmi K100 Pro Max<\/strong>. A pr\u00f3pria imagem promocional divulgada pela POCO alimentou ainda mais essa possibilidade, embora a fabricante n\u00e3o tenha confirmado essa estrat\u00e9gia.<\/p>\n<blockquote class=\"twitter-tweet\">\n<p lang=\"en\" dir=\"ltr\">UltraPower Unbound.<br \/>No ceiling. No compromise. No weakness.<br \/>POCO F9 Series is coming to raise the flagship standard.<\/p>\n<p>September 1, 2026 | 20:00 GMT+8<a href=\"https:\/\/t.co\/jlDSgHW6Rl\" class=\"\" rel=\"nofollow noreferrer noopener\">https:\/\/t.co\/jlDSgHW6Rl<\/a> <a href=\"https:\/\/t.co\/JzFxprMP6t\" class=\"\" rel=\"nofollow noreferrer noopener\">pic.twitter.com\/JzFxprMP6t<\/a><\/p>\n<p>\u2014 POCO (@POCOGlobal) <a href=\"https:\/\/x.com\/POCOGlobal\/status\/2091797670629142988?ref_src=twsrc%5Etfw\" class=\"\" rel=\"nofollow noreferrer noopener\">August 24, 2026<\/a><\/p><\/blockquote>\n<p>Outro ponto que ganhou for\u00e7a nos \u00faltimos dias envolve a bateria do modelo Ultra. Segundo rumores, o aparelho pode receber uma unidade de <strong>8.050 mAh<\/strong>. Esse n\u00famero seria inferior aos <strong>9.070 mAh<\/strong> atribu\u00eddos ao Redmi K100 Pro Max, caso a rela\u00e7\u00e3o entre os aparelhos realmente se confirme.<\/p>\n<p>A expectativa agora \u00e9 que a <strong>POCO<\/strong> comece a revelar gradualmente os detalhes da s\u00e9rie <strong>F9<\/strong> antes do evento. Pelo menos at\u00e9 agora, ainda n\u00e3o sabemos exatamente quais mercados que receber\u00e3o os novos modelos. Tamb\u00e9m falta saber quais vers\u00f5es de mem\u00f3ria e armazenamento ser\u00e3o vendidas em cada regi\u00e3o.<\/p>\n<p>A<strong> POCO<\/strong> deve esclarecer essas informa\u00e7\u00f5es nos pr\u00f3ximos dias, junto com os primeiros detalhes oficiais dos aparelhos.<\/p>\n<p><a href=\"https:\/\/www.thetechoutlook.com\/new-release\/gadgets-release\/mobile\/poco-f9-series-launching-globally-on-1st-september\/\" class=\"tg-link-manual\" rel=\"nofollow  noopener\" target=\"_blank\">Fonte<\/a><\/p>\n<p>            <script async src=\"https:\/\/platform.twitter.com\/widgets.js\" charset=\"utf-8\"><\/script><\/p>\n","protected":false},"excerpt":{"rendered":"Ap\u00f3s muitos rumores e vazamentos, a fam\u00edlia POCO F9 finalmente est\u00e1 se aproximando do lan\u00e7amento oficial. A pr\u00f3pria&hellip;\n","protected":false},"author":2,"featured_media":498621,"comment_status":"","ping_status":"","sticky":false,"template":"","format":"standard","meta":{"footnotes":"","_share_on_mastodon":"0"},"categories":[84],"tags":[79931,109,107,108,13,79929,79930,55810,32,33,105,103,104,106,110,360],"class_list":["post-498620","post","type-post","status-publish","format-standard","has-post-thumbnail","category-ciencia-e-tecnologia","tag-celulares-xiaomi","tag-ciencia","tag-ciencia-e-tecnologia","tag-cienciaetecnologia","tag-noticias","tag-poco-f9","tag-poco-f9-pro","tag-poco-f9-ultra","tag-portugal","tag-pt","tag-science","tag-science-and-technology","tag-scienceandtechnology","tag-technology","tag-tecnologia","tag-xiaomi"],"share_on_mastodon":{"url":"https:\/\/pubeurope.com\/@pt\/117150516708237130","error":""},"_links":{"self":[{"href":"https:\/\/www.europesays.com\/pt\/wp-json\/wp\/v2\/posts\/498620","targetHints":{"allow":["GET"]}}],"collection":[{"href":"https:\/\/www.europesays.com\/pt\/wp-json\/wp\/v2\/posts"}],"about":[{"href":"https:\/\/www.europesays.com\/pt\/wp-json\/wp\/v2\/types\/post"}],"author":[{"embeddable":true,"href":"https:\/\/www.europesays.com\/pt\/wp-json\/wp\/v2\/users\/2"}],"replies":[{"embeddable":true,"href":"https:\/\/www.europesays.com\/pt\/wp-json\/wp\/v2\/comments?post=498620"}],"version-history":[{"count":0,"href":"https:\/\/www.europesays.com\/pt\/wp-json\/wp\/v2\/posts\/498620\/revisions"}],"wp:featuredmedia":[{"embeddable":true,"href":"https:\/\/www.europesays.com\/pt\/wp-json\/wp\/v2\/media\/498621"}],"wp:attachment":[{"href":"https:\/\/www.europesays.com\/pt\/wp-json\/wp\/v2\/media?parent=498620"}],"wp:term":[{"taxonomy":"category","embeddable":true,"href":"https:\/\/www.europesays.com\/pt\/wp-json\/wp\/v2\/categories?post=498620"},{"taxonomy":"post_tag","embeddable":true,"href":"https:\/\/www.europesays.com\/pt\/wp-json\/wp\/v2\/tags?post=498620"}],"curies":[{"name":"wp","href":"https:\/\/api.w.org\/{rel}","templated":true}]}}