{"id":498622,"date":"2026-08-24T12:37:12","date_gmt":"2026-08-24T12:37:12","guid":{"rendered":"https:\/\/www.europesays.com\/pt\/498622\/"},"modified":"2026-08-24T12:37:12","modified_gmt":"2026-08-24T12:37:12","slug":"possiveis-ataques-a-europa-colocam-grecia-em-estado-de-alerta","status":"publish","type":"post","link":"https:\/\/www.europesays.com\/pt\/498622\/","title":{"rendered":"Poss\u00edveis ataques \u00e0 Europa colocam Gr\u00e9cia em estado de alerta"},"content":{"rendered":"\n<p>A imprensa internacional avan\u00e7a que o conflito entre os EUA e o Ir\u00e3o <b>pode chegar a alguns pa\u00edses europeus. <\/b>Isto porque de acordo com o jornal brit\u00e2nico <a href=\"https:\/\/www.ft.com\/\" target=\"_blank\" rel=\"nofollow noopener\">Financial Times<\/a>, o Ir\u00e3o ponderava lan\u00e7ar m\u00edsseis contra alvos norte-americanos na Europa, caso Trump intensifique a press\u00e3o militar sobre o Estreito de Ormuz.<\/p>\n<p>&#13;<br \/>\nFace a esta amea\u00e7a, a Gr\u00e9cia j\u00e1 reagiu. Na madrugada desta segunda-feira,<b> as For\u00e7as Armadas gregas decidiram deslocar um dos sistemas de interceta\u00e7\u00e3o de m\u00edsseis Patriot da ilha de Karpathos, localizada no extremo leste da Gr\u00e9cia, para a ilha de Creta.<\/b>&#13;\n<\/p>\n<p>A imprensa internacional, sobretudo o jornal de refer\u00eancia grego <a href=\"https:\/\/www.kathimerini.gr\/\" target=\"_blank\" rel=\"nofollow noopener\">Kathimerini,<\/a> citou fontes militares e avan\u00e7ou que a bateria de m\u00edsseis estaria posicionada perto da base militar de Suda, no noroeste de Creta.<\/p>\n<p>&#13;<br \/>\nV\u00e1rios meios de comunica\u00e7\u00e3o social avan\u00e7aram com a informa\u00e7\u00e3o de que a redistribui\u00e7\u00e3o come\u00e7ou j\u00e1 na manh\u00e3 deste domingo, com a sa\u00edda do grupo do porto de Karpathos numa balsa. A imprensa chegou a divulgar imagens que mostram as baterias de m\u00edsseis no porto, montadas sobre cami\u00f5es, a aguardarem o embarque.&#13;<br \/>\n&#13;\n<\/p>\n<p>&#13;<br \/>\nCreta \u00e9 a maior ilha da Gr\u00e9cia e ocupa uma posi\u00e7\u00e3o estrat\u00e9gica no Mediterr\u00e2neo Oriental.\u00a0A ba\u00eda de Suda, por seui lado, alberga instala\u00e7\u00f5es militares utilizadas pelo Ex\u00e9rcito grego e pelos aliados da NATO (Organiza\u00e7\u00e3o do Tratado do Atl\u00e2ntico Norte), incluindo os Estados Unidos.&#13;\n<\/p>\n<p>&#13;<br \/>\nGr\u00e9cia em alerta n\u00e3o comenta o assunto&#13;\n<\/p>\n<p>&#13;<br \/>\nO alarme soou junto das autoridades gregas depois de na semana passada o jornal brit\u00e2nico Financial Times ter noticiado que<b> o Ir\u00e3o estava a avaliar a possibilidade de atacar bases com interesses norte-americanos na Europa<\/b>.&#13;\n<\/p>\n<p>&#13;<br \/>\nH\u00e1 duas que merecem grande preocupa\u00e7\u00e3o por parte das autoridades gregas: <b>a Bulg\u00e1ria<\/b> (onde a base a\u00e9rea de Bezmer deu luz verde para que as aeronaves americanas pudessem reabastecer entre julho e outubro), <b>e o Chipre<\/b> (onde uma base brit\u00e2nica j\u00e1 tinha sido alvo de um drone em mar\u00e7o deste ano).&#13;\n<\/p>\n<p>&#13;<br \/>\nEntretanto, o <b>Minist\u00e9rio\u00a0<\/b><b>grego <\/b><b>da Defesa remeteu-se ao sil\u00eancio, mas n\u00e3o desvaloriza o cen\u00e1rio de ame\u00e7a<\/b>. O jornal grego Kathimerini explica que o Ir\u00e3o possui um n\u00famero significativo de m\u00edsseis bal\u00edsticos com um alcance superior a 2.000 quil\u00f3metros, e por isso, poderiam atingir alguns alvos no sudeste da Europa.&#13;<\/p>\n","protected":false},"excerpt":{"rendered":"A imprensa internacional avan\u00e7a que o conflito entre os EUA e o Ir\u00e3o pode chegar a alguns pa\u00edses&hellip;\n","protected":false},"author":2,"featured_media":498623,"comment_status":"","ping_status":"","sticky":false,"template":"","format":"standard","meta":{"footnotes":"","_share_on_mastodon":"0"},"categories":[50],"tags":[27,28,15,16,4234,14,5453,25,26,21,22,71449,62,12,13,19,20,23,24,17,18,29,30,31,63,64,65],"class_list":["post-498622","post","type-post","status-publish","format-standard","has-post-thumbnail","category-mundo","tag-breaking-news","tag-breakingnews","tag-featured-news","tag-featurednews","tag-grecia","tag-headlines","tag-irao","tag-latest-news","tag-latestnews","tag-main-news","tag-mainnews","tag-misseis-patriot","tag-mundo","tag-news","tag-noticias","tag-noticias-principais","tag-noticiasprincipais","tag-principais-noticias","tag-principaisnoticias","tag-top-stories","tag-topstories","tag-ultimas","tag-ultimas-noticias","tag-ultimasnoticias","tag-world","tag-world-news","tag-worldnews"],"share_on_mastodon":{"url":"https:\/\/pubeurope.com\/@pt\/117150524769860997","error":""},"_links":{"self":[{"href":"https:\/\/www.europesays.com\/pt\/wp-json\/wp\/v2\/posts\/498622","targetHints":{"allow":["GET"]}}],"collection":[{"href":"https:\/\/www.europesays.com\/pt\/wp-json\/wp\/v2\/posts"}],"about":[{"href":"https:\/\/www.europesays.com\/pt\/wp-json\/wp\/v2\/types\/post"}],"author":[{"embeddable":true,"href":"https:\/\/www.europesays.com\/pt\/wp-json\/wp\/v2\/users\/2"}],"replies":[{"embeddable":true,"href":"https:\/\/www.europesays.com\/pt\/wp-json\/wp\/v2\/comments?post=498622"}],"version-history":[{"count":0,"href":"https:\/\/www.europesays.com\/pt\/wp-json\/wp\/v2\/posts\/498622\/revisions"}],"wp:featuredmedia":[{"embeddable":true,"href":"https:\/\/www.europesays.com\/pt\/wp-json\/wp\/v2\/media\/498623"}],"wp:attachment":[{"href":"https:\/\/www.europesays.com\/pt\/wp-json\/wp\/v2\/media?parent=498622"}],"wp:term":[{"taxonomy":"category","embeddable":true,"href":"https:\/\/www.europesays.com\/pt\/wp-json\/wp\/v2\/categories?post=498622"},{"taxonomy":"post_tag","embeddable":true,"href":"https:\/\/www.europesays.com\/pt\/wp-json\/wp\/v2\/tags?post=498622"}],"curies":[{"name":"wp","href":"https:\/\/api.w.org\/{rel}","templated":true}]}}