{"id":49868,"date":"2025-08-29T10:05:12","date_gmt":"2025-08-29T10:05:12","guid":{"rendered":"https:\/\/www.europesays.com\/pt\/49868\/"},"modified":"2025-08-29T10:05:12","modified_gmt":"2025-08-29T10:05:12","slug":"argentina-prepara-se-messi-anunciou-despedida","status":"publish","type":"post","link":"https:\/\/www.europesays.com\/pt\/49868\/","title":{"rendered":"Argentina prepara-se: Messi anunciou despedida"},"content":{"rendered":"<p>Lionel <a target=\"_blank\" class=\"editor-link autolink-enabled\" href=\"https:\/\/www.abola.pt\/futebol\/jogador\/messi-3399\" data-resource-id=\"3399\" data-resource-type=\"player\" data-sport=\"football\" rel=\"nofollow noopener\">Messi<\/a>, oito vezes vencedor da Bola de Ouro falou sobre uma despedida em casa com a sele\u00e7\u00e3o da <a target=\"_blank\" class=\"editor-link autolink-enabled\" href=\"https:\/\/www.abola.pt\/futebol\/argentina-2153\" data-resource-id=\"2153\" data-resource-type=\"team\" data-sport=\"football\" rel=\"nofollow noopener\">Argentina<\/a> ap\u00f3s a qualifica\u00e7\u00e3o do <a class=\"autolink-enabled\" data-resource-id=\"22305\" data-resource-type=\"team\" data-sport=\"football\" href=\"https:\/\/www.abola.pt\/futebol\/inter-miami-22305\" rel=\"nofollow noopener\" target=\"_blank\">Inter Miami<\/a> para a final da Ta\u00e7a das Ligas, na quinta-feira.<\/p>\n<p>\u00abSer\u00e1 um jogo muito especial para mim, porque \u00e9 o \u00faltimo jogo em casa da fase de qualifica\u00e7\u00e3o. N\u00e3o sei se ainda teremos jogos de prepara\u00e7\u00e3o mais tarde, mas toda a minha fam\u00edlia estar\u00e1 presente neste. Vamos encar\u00e1-lo como uma despedida em casa, n\u00e3o sei o que vir\u00e1 a seguir\u00bb, revelou Messi ap\u00f3s o duelo da meia-final contra o Orlando City.<\/p>\n<p>A Federa\u00e7\u00e3o Argentina de Futebol est\u00e1 a tentar aproveitar ao m\u00e1ximo a sua declara\u00e7\u00e3o. O bilhete mais barato para o jogo contra a Venezuela custa aproximadamente 85 euros, enquanto pelos melhores lugares os adeptos pagar\u00e3o quase 430 euros.<\/p>\n<p>A <a class=\"autolink-enabled\" data-resource-id=\"2153\" data-resource-type=\"team\" data-sport=\"football\" href=\"https:\/\/www.abola.pt\/futebol\/argentina-2153\" rel=\"nofollow noopener\" target=\"_blank\">Argentina<\/a> j\u00e1 garantiu a qualifica\u00e7\u00e3o para o campeonato em mar\u00e7o, ap\u00f3s a vit\u00f3ria sobre o <a class=\"autolink-enabled\" data-resource-id=\"2234\" data-resource-type=\"team\" data-sport=\"football\" href=\"https:\/\/www.abola.pt\/futebol\/brasil-2234\" rel=\"nofollow noopener\" target=\"_blank\">Brasil<\/a>. Os comandados de Lionel Scaloni encerrar\u00e3o a qualifica\u00e7\u00e3o a 9 de setembro, no Equador. Os jogos no Mundial do pr\u00f3ximo ano poder\u00e3o ser os \u00faltimos de Messi com a camisola da Argentina. <\/p>\n<p>Antes do in\u00edcio da fase de qualifica\u00e7\u00e3o para o Mundial de 2030, o argentino celebrar\u00e1 o 40.\u00ba anivers\u00e1rio.<\/p>\n","protected":false},"excerpt":{"rendered":"Lionel Messi, oito vezes vencedor da Bola de Ouro falou sobre uma despedida em casa com a sele\u00e7\u00e3o&hellip;\n","protected":false},"author":2,"featured_media":49869,"comment_status":"","ping_status":"","sticky":false,"template":"","format":"standard","meta":{"footnotes":""},"categories":[8],"tags":[27,28,15,16,14,25,26,21,22,12,13,19,20,32,23,24,33,17,18,29,30,31],"class_list":{"0":"post-49868","1":"post","2":"type-post","3":"status-publish","4":"format-standard","5":"has-post-thumbnail","7":"category-principais-noticias","8":"tag-breaking-news","9":"tag-breakingnews","10":"tag-featured-news","11":"tag-featurednews","12":"tag-headlines","13":"tag-latest-news","14":"tag-latestnews","15":"tag-main-news","16":"tag-mainnews","17":"tag-news","18":"tag-noticias","19":"tag-noticias-principais","20":"tag-noticiasprincipais","21":"tag-portugal","22":"tag-principais-noticias","23":"tag-principaisnoticias","24":"tag-pt","25":"tag-top-stories","26":"tag-topstories","27":"tag-ultimas","28":"tag-ultimas-noticias","29":"tag-ultimasnoticias"},"share_on_mastodon":{"url":"","error":""},"_links":{"self":[{"href":"https:\/\/www.europesays.com\/pt\/wp-json\/wp\/v2\/posts\/49868","targetHints":{"allow":["GET"]}}],"collection":[{"href":"https:\/\/www.europesays.com\/pt\/wp-json\/wp\/v2\/posts"}],"about":[{"href":"https:\/\/www.europesays.com\/pt\/wp-json\/wp\/v2\/types\/post"}],"author":[{"embeddable":true,"href":"https:\/\/www.europesays.com\/pt\/wp-json\/wp\/v2\/users\/2"}],"replies":[{"embeddable":true,"href":"https:\/\/www.europesays.com\/pt\/wp-json\/wp\/v2\/comments?post=49868"}],"version-history":[{"count":0,"href":"https:\/\/www.europesays.com\/pt\/wp-json\/wp\/v2\/posts\/49868\/revisions"}],"wp:featuredmedia":[{"embeddable":true,"href":"https:\/\/www.europesays.com\/pt\/wp-json\/wp\/v2\/media\/49869"}],"wp:attachment":[{"href":"https:\/\/www.europesays.com\/pt\/wp-json\/wp\/v2\/media?parent=49868"}],"wp:term":[{"taxonomy":"category","embeddable":true,"href":"https:\/\/www.europesays.com\/pt\/wp-json\/wp\/v2\/categories?post=49868"},{"taxonomy":"post_tag","embeddable":true,"href":"https:\/\/www.europesays.com\/pt\/wp-json\/wp\/v2\/tags?post=49868"}],"curies":[{"name":"wp","href":"https:\/\/api.w.org\/{rel}","templated":true}]}}