{"id":498704,"date":"2026-08-24T13:47:21","date_gmt":"2026-08-24T13:47:21","guid":{"rendered":"https:\/\/www.europesays.com\/pt\/498704\/"},"modified":"2026-08-24T13:47:21","modified_gmt":"2026-08-24T13:47:21","slug":"poco-x8-e-x8-power-tem-novos-detalhes-revelados-antes-do-lancamento","status":"publish","type":"post","link":"https:\/\/www.europesays.com\/pt\/498704\/","title":{"rendered":"POCO X8 e X8 Power t\u00eam novos detalhes revelados antes do lan\u00e7amento"},"content":{"rendered":"<p>Na semana passada, <a class=\"tg-link-manual\" href=\"https:\/\/www.oficinadanet.com.br\/xiaomi\/71954-poco-x8-power-pode-ser-lancado-bateria-10000-mah\" rel=\"nofollow noopener\" target=\"_blank\">vazaram as primeiras informa\u00e7\u00f5es sobre o <strong>POCO X8 Power<\/strong>, que chama a aten\u00e7\u00e3o pela bateria de 10.000 mAh<\/a>. Agora, o <a href=\"https:\/\/x.com\/heyitsyogesh\/status\/2090695276092948510\" class=\"tg-link-manual\" rel=\"nofollow  noopener\" target=\"_blank\">informante Yogesh Brar<\/a> compartilhou supostos materiais promocionais do X8 Power e tamb\u00e9m do X8 padr\u00e3o, revelando suas especifica\u00e7\u00f5es e sugerindo que ambos ser\u00e3o vers\u00f5es renomeadas da s\u00e9rie Redmi Note 17 Pro.<\/p>\n<p>O que esperar do POCO X8?<\/p>\n<p>O POCO X8, que seria um Redmi Note 17 Pro rebatizado, pode trazer um display <strong>AMOLED <\/strong>de <strong>6,83 polegadas<\/strong> com brilho m\u00e1ximo de<strong> 3.500 nits<\/strong> e prote\u00e7\u00e3o <a class=\"lib tg-lib\" href=\"https:\/\/www.oficinadanet.com.br\/onresponde\/64334-o-que-e-gorilla-glass-nos-celulares\" rel=\"nofollow noopener\" target=\"_blank\">Gorilla Glass<\/a> Victus 2.<\/p>\n<p>                        <img decoding=\"async\" loading=\"lazy\" width=\"330\" height=\"166\" src=\"https:\/\/www.europesays.com\/pt\/wp-content\/uploads\/2026\/08\/pocox8-1.jpg\"  alt=\"Especifica\u00e7\u00f5es do POCO X8\" title=\"Especifica\u00e7\u00f5es do POCO X8\"\/><br \/>\n                    Especifica\u00e7\u00f5es do POCO X8<\/p>\n<p>O processador embarcado \u00e9 o <strong>Snapdragon 6s Gen 4<\/strong>, que somou 830 mil pontos no <a class=\"lib tg-lib\" href=\"https:\/\/www.oficinadanet.com.br\/smartphones\/40466-celulares-mais-poderosos\" rel=\"nofollow noopener\" target=\"_blank\">AnTuTu<\/a>, segundo o material vazado. A c\u00e2mera principal \u00e9 de <strong>50 MP<\/strong> com <a class=\"lib tg-lib\" href=\"https:\/\/www.oficinadanet.com.br\/ois\" rel=\"nofollow noopener\" target=\"_blank\">OIS<\/a>, enquanto a frontal entrega <strong>16 MP<\/strong>.<\/p>\n<p>A bateria tem <strong>9.000 mAh<\/strong>, com suporte para carregamento r\u00e1pido de <strong>67W <\/strong>e reverso de <strong>22.5W<\/strong>. Em software, o X8 deve sair da caixa rodando o <strong>HyperOS 3<\/strong>, com promessa de quatro grandes atualiza\u00e7\u00f5es de sistema e seis anos de pacotes de seguran\u00e7a. Ele ainda ter\u00e1 as certifica\u00e7\u00f5es IP66, <strong>IP68<\/strong>, <strong>IP69 <\/strong>e IP69K.<\/p>\n<p>O que esperar do POCO X8 Power?<\/p>\n<p>Quanto ao POCO X8 Power, ele seria uma vers\u00e3o renomeada do Redmi Note 17 Pro Max, com display <strong>AMOLED <\/strong>de <strong>6,83 polegadas<\/strong>, brilho m\u00e1ximo de <strong>3.500 nits<\/strong> e prote\u00e7\u00e3o Gorilla Glass Victus 2.<\/p>\n<p>                        <img decoding=\"async\" loading=\"lazy\" width=\"330\" height=\"190\" src=\"https:\/\/www.europesays.com\/pt\/wp-content\/uploads\/2026\/08\/pocox8power-1.jpg\"  alt=\"Especifica\u00e7\u00f5es do POCO X8 Power\" title=\"Especifica\u00e7\u00f5es do POCO X8 Power\"\/><br \/>\n                    Especifica\u00e7\u00f5es do POCO X8 Power<\/p>\n<p>Por dentro, espera-se o processador <strong>Snapdragon 6 Gen 5<\/strong>, capaz de atingir mais de 1.15 milh\u00e3o de pontos no <a class=\"lib tg-lib\" href=\"https:\/\/www.oficinadanet.com.br\/onresponde\/64688-o-que-e-antutu-e-para-que-serve\" rel=\"nofollow noopener\" target=\"_blank\">AnTuTu<\/a>. O X8 Power mant\u00e9m a c\u00e2mera principal de <strong>50 MP<\/strong> com OIS do modelo padr\u00e3o, mas entrega uma lente <strong>ultrawide de 8 MP<\/strong> e uma frontal de <strong>32 MP<\/strong>.<\/p>\n<p>A bateria tamb\u00e9m \u00e9 maior: s\u00e3o <strong>10.000 mAh<\/strong>, com suporte para carregamento r\u00e1pido de <strong>100W <\/strong>e reverso de <strong>27W<\/strong>. O software, tempo de suporte e certifica\u00e7\u00f5es n\u00e3o mudam.<\/p>\n<p>Quando chegam?<\/p>\n<p>A <a class=\"lib tg-lib\" href=\"https:\/\/www.oficinadanet.com.br\/xiaomi\" rel=\"nofollow noopener\" target=\"_blank\">Xiaomi<\/a> ainda n\u00e3o confirmou a data de lan\u00e7amento do POCO X8 e X8 Power, mas o informante mencionou que ambos ser\u00e3o oficializados na \u00cdndia no in\u00edcio de setembro.<\/p>\n<p><a href=\"https:\/\/www.gsmarena.com\/poco_x8_and_x8_power_marketing_materials_leak-news-74292.php\" class=\"tg-link-manual\" rel=\"nofollow  noopener\" target=\"_blank\">Via<\/a><\/p>\n","protected":false},"excerpt":{"rendered":"Na semana passada, vazaram as primeiras informa\u00e7\u00f5es sobre o POCO X8 Power, que chama a aten\u00e7\u00e3o pela bateria&hellip;\n","protected":false},"author":2,"featured_media":498705,"comment_status":"","ping_status":"","sticky":false,"template":"","format":"standard","meta":{"footnotes":"","_share_on_mastodon":"0"},"categories":[84],"tags":[109,107,108,13,79938,79232,32,33,105,103,104,954,106,110,360],"class_list":["post-498704","post","type-post","status-publish","format-standard","has-post-thumbnail","category-ciencia-e-tecnologia","tag-ciencia","tag-ciencia-e-tecnologia","tag-cienciaetecnologia","tag-noticias","tag-poco-x8","tag-poco-x8-power","tag-portugal","tag-pt","tag-science","tag-science-and-technology","tag-scienceandtechnology","tag-smartphones","tag-technology","tag-tecnologia","tag-xiaomi"],"share_on_mastodon":{"url":"https:\/\/pubeurope.com\/@pt\/117150800717605241","error":""},"_links":{"self":[{"href":"https:\/\/www.europesays.com\/pt\/wp-json\/wp\/v2\/posts\/498704","targetHints":{"allow":["GET"]}}],"collection":[{"href":"https:\/\/www.europesays.com\/pt\/wp-json\/wp\/v2\/posts"}],"about":[{"href":"https:\/\/www.europesays.com\/pt\/wp-json\/wp\/v2\/types\/post"}],"author":[{"embeddable":true,"href":"https:\/\/www.europesays.com\/pt\/wp-json\/wp\/v2\/users\/2"}],"replies":[{"embeddable":true,"href":"https:\/\/www.europesays.com\/pt\/wp-json\/wp\/v2\/comments?post=498704"}],"version-history":[{"count":0,"href":"https:\/\/www.europesays.com\/pt\/wp-json\/wp\/v2\/posts\/498704\/revisions"}],"wp:featuredmedia":[{"embeddable":true,"href":"https:\/\/www.europesays.com\/pt\/wp-json\/wp\/v2\/media\/498705"}],"wp:attachment":[{"href":"https:\/\/www.europesays.com\/pt\/wp-json\/wp\/v2\/media?parent=498704"}],"wp:term":[{"taxonomy":"category","embeddable":true,"href":"https:\/\/www.europesays.com\/pt\/wp-json\/wp\/v2\/categories?post=498704"},{"taxonomy":"post_tag","embeddable":true,"href":"https:\/\/www.europesays.com\/pt\/wp-json\/wp\/v2\/tags?post=498704"}],"curies":[{"name":"wp","href":"https:\/\/api.w.org\/{rel}","templated":true}]}}