{"id":498768,"date":"2026-08-24T14:50:17","date_gmt":"2026-08-24T14:50:17","guid":{"rendered":"https:\/\/www.europesays.com\/pt\/498768\/"},"modified":"2026-08-24T14:50:17","modified_gmt":"2026-08-24T14:50:17","slug":"foi-dia-de-casamento-para-maria-cerqueira-gomes","status":"publish","type":"post","link":"https:\/\/www.europesays.com\/pt\/498768\/","title":{"rendered":"Foi dia de casamento para Maria Cerqueira Gomes"},"content":{"rendered":"<p><a target=\"_blank\" rel=\"noopener noreferrer nofollow\" href=\"https:\/\/selfie.iol.pt\/famosos\/maria-cerqueira-gomes\/maria-cerqueira-gomes-reconcilia-se-com-o-pai-do-filho-romance-tera-sido-mantido-em-segredo-durante-um-ano\/20260820\/6a8727b30cf2f6a1a1e74bfa\">Maria Cerqueira Gomes<\/a> n\u00e3o esteve na emiss\u00e3o das &#8220;Novas 7 Maravilhas de Portugal&#8221;, na TVI, e explicou agora o motivo. A apresentadora viveu um momento muito especial da fam\u00edlia.<\/p>\n<p>A apresentadora publicou v\u00e1rias fotografias de um dia que descreveu como &#8220;muito feliz&#8221; e revelou que esteve presente num casamento muito especial.<\/p>\n<p>&#8220;Ontem, foi um dia muito feliz! O meu mano casou!&#8221;, escreveu Maria Cerqueira Gomes, na legenda da publica\u00e7\u00e3o que re\u00fane v\u00e1rios registos do enlace do chef Martim Esteves Marcos, fruto da rela\u00e7\u00e3o j\u00e1 terminada da m\u00e3e da apresentadora, Marta Campos, com o m\u00e9dico Jos\u00e9 Esteves Marcos.<\/p>\n<p>Veja, agora, na galeria, as imagens do casamento do irm\u00e3o de Maria Cerqueira Gomes.<\/p>\n","protected":false},"excerpt":{"rendered":"Maria Cerqueira Gomes n\u00e3o esteve na emiss\u00e3o das &#8220;Novas 7 Maravilhas de Portugal&#8221;, na TVI, e explicou agora&hellip;\n","protected":false},"author":2,"featured_media":498769,"comment_status":"","ping_status":"","sticky":false,"template":"","format":"standard","meta":{"footnotes":"","_share_on_mastodon":"0"},"categories":[85],"tags":[3539,1435,114,115,980,1015,18318,619,32,33,1012,162],"class_list":["post-498768","post","type-post","status-publish","format-standard","has-post-thumbnail","category-entretenimento","tag-apresentadora","tag-casamento","tag-entertainment","tag-entretenimento","tag-famosos","tag-instagram","tag-maria-cerqueira-gomes","tag-nacional","tag-portugal","tag-pt","tag-selfie","tag-tvi"],"share_on_mastodon":{"url":"https:\/\/pubeurope.com\/@pt\/117151048617604483","error":""},"_links":{"self":[{"href":"https:\/\/www.europesays.com\/pt\/wp-json\/wp\/v2\/posts\/498768","targetHints":{"allow":["GET"]}}],"collection":[{"href":"https:\/\/www.europesays.com\/pt\/wp-json\/wp\/v2\/posts"}],"about":[{"href":"https:\/\/www.europesays.com\/pt\/wp-json\/wp\/v2\/types\/post"}],"author":[{"embeddable":true,"href":"https:\/\/www.europesays.com\/pt\/wp-json\/wp\/v2\/users\/2"}],"replies":[{"embeddable":true,"href":"https:\/\/www.europesays.com\/pt\/wp-json\/wp\/v2\/comments?post=498768"}],"version-history":[{"count":0,"href":"https:\/\/www.europesays.com\/pt\/wp-json\/wp\/v2\/posts\/498768\/revisions"}],"wp:featuredmedia":[{"embeddable":true,"href":"https:\/\/www.europesays.com\/pt\/wp-json\/wp\/v2\/media\/498769"}],"wp:attachment":[{"href":"https:\/\/www.europesays.com\/pt\/wp-json\/wp\/v2\/media?parent=498768"}],"wp:term":[{"taxonomy":"category","embeddable":true,"href":"https:\/\/www.europesays.com\/pt\/wp-json\/wp\/v2\/categories?post=498768"},{"taxonomy":"post_tag","embeddable":true,"href":"https:\/\/www.europesays.com\/pt\/wp-json\/wp\/v2\/tags?post=498768"}],"curies":[{"name":"wp","href":"https:\/\/api.w.org\/{rel}","templated":true}]}}