{"id":498862,"date":"2026-08-24T16:18:09","date_gmt":"2026-08-24T16:18:09","guid":{"rendered":"https:\/\/www.europesays.com\/pt\/498862\/"},"modified":"2026-08-24T16:18:09","modified_gmt":"2026-08-24T16:18:09","slug":"joao-matos-sporting-nao-quis-renovar-e-tive-de-fazer-uma-opcao","status":"publish","type":"post","link":"https:\/\/www.europesays.com\/pt\/498862\/","title":{"rendered":"Jo\u00e3o Matos: \u00abSporting n\u00e3o quis renovar e tive de fazer uma op\u00e7\u00e3o&#8230;\u00bb"},"content":{"rendered":"<p>Jo\u00e3o Matos confessa que teve de tomar uma decis\u00e3o para a sua carreira ap\u00f3s ter recebido a informa\u00e7\u00e3o de que o Sporting n\u00e3o queria renovar-lhe o contrato.<\/p>\n<p>Em declara\u00e7\u00f5es ao podcast \u00abSports Tailors\u00bb, o antigo internacional portugu\u00eas deixa rasgados elogios a Nuno Dias, treinador do Sporting desde 2012\/13 e garante que faria mais uma \u00e9poca nos le\u00f5es, caso lhe fosse apresentada essa proposta.<\/p>\n<p>\u00abSem d\u00favida. Tinha de ser tomada essa decis\u00e3o. Ou acabo (a carreira) ou vou para outro clube. Efetivamente acabava contrato com o Sporting e o Sporting n\u00e3o quis renovar. Tinha de tomar uma op\u00e7\u00e3o na minha vida\u00bb, afirma.<\/p>\n<p>\u00abAcima de tudo, sempre respeitei hierarquias, fui habituado assim. Tinha um respeito muito grande pela pessoa e pelo treinador Nuno Dias. A base do respeito sempre existiu. Nunca faltou. Gosto do Nuno e \u00e9 um treinador extraordin\u00e1rio\u00bb, acrescenta.<\/p>\n<p><strong>Assista aqui \u00e0s declara\u00e7\u00f5es de Jo\u00e3o Matos:<\/strong>\u00a0<\/p>\n","protected":false},"excerpt":{"rendered":"Jo\u00e3o Matos confessa que teve de tomar uma decis\u00e3o para a sua carreira ap\u00f3s ter recebido a informa\u00e7\u00e3o&hellip;\n","protected":false},"author":2,"featured_media":498863,"comment_status":"","ping_status":"","sticky":false,"template":"","format":"standard","meta":{"footnotes":"","_share_on_mastodon":"0"},"categories":[87],"tags":[135,1831,63747,46,1830,32,33,47,3782,34,134],"class_list":["post-498862","post","type-post","status-publish","format-standard","has-post-thumbnail","category-desporto","tag-desporto","tag-futsal","tag-joao-matos","tag-maisfutebol","tag-modalidades","tag-portugal","tag-pt","tag-pura-paixao","tag-renovacao","tag-sporting","tag-sports"],"share_on_mastodon":{"url":"https:\/\/pubeurope.com\/@pt\/117151393670922360","error":""},"_links":{"self":[{"href":"https:\/\/www.europesays.com\/pt\/wp-json\/wp\/v2\/posts\/498862","targetHints":{"allow":["GET"]}}],"collection":[{"href":"https:\/\/www.europesays.com\/pt\/wp-json\/wp\/v2\/posts"}],"about":[{"href":"https:\/\/www.europesays.com\/pt\/wp-json\/wp\/v2\/types\/post"}],"author":[{"embeddable":true,"href":"https:\/\/www.europesays.com\/pt\/wp-json\/wp\/v2\/users\/2"}],"replies":[{"embeddable":true,"href":"https:\/\/www.europesays.com\/pt\/wp-json\/wp\/v2\/comments?post=498862"}],"version-history":[{"count":0,"href":"https:\/\/www.europesays.com\/pt\/wp-json\/wp\/v2\/posts\/498862\/revisions"}],"wp:featuredmedia":[{"embeddable":true,"href":"https:\/\/www.europesays.com\/pt\/wp-json\/wp\/v2\/media\/498863"}],"wp:attachment":[{"href":"https:\/\/www.europesays.com\/pt\/wp-json\/wp\/v2\/media?parent=498862"}],"wp:term":[{"taxonomy":"category","embeddable":true,"href":"https:\/\/www.europesays.com\/pt\/wp-json\/wp\/v2\/categories?post=498862"},{"taxonomy":"post_tag","embeddable":true,"href":"https:\/\/www.europesays.com\/pt\/wp-json\/wp\/v2\/tags?post=498862"}],"curies":[{"name":"wp","href":"https:\/\/api.w.org\/{rel}","templated":true}]}}