{"id":498888,"date":"2026-08-24T16:43:20","date_gmt":"2026-08-24T16:43:20","guid":{"rendered":"https:\/\/www.europesays.com\/pt\/498888\/"},"modified":"2026-08-24T16:43:20","modified_gmt":"2026-08-24T16:43:20","slug":"sbt-adota-modelo-da-globo-e-planeja-seu-1o-upfront-em-2026","status":"publish","type":"post","link":"https:\/\/www.europesays.com\/pt\/498888\/","title":{"rendered":"SBT adota modelo da Globo e planeja seu 1\u00ba Upfront em 2026"},"content":{"rendered":"<p>O <a href=\"https:\/\/natelinha.uol.com.br\/televisao\/emissoras\/sbt\" rel=\"nofollow noopener\" target=\"_blank\">SBT<\/a>\u00a0planeja seguir os passos das grandes emissoras internacionais e realizar, ainda neste ano, seu primeiro Upfront para o mercado publicit\u00e1rio. O\u00a0<strong>NaTelinha<\/strong> apurou que a inten\u00e7\u00e3o da emissora \u00e9 adiantar as negocia\u00e7\u00f5es de cotas de patroc\u00ednio, aproveitando o per\u00edodo em que as marcas j\u00e1 come\u00e7am a reservar seus or\u00e7amentos para o pr\u00f3ximo ano. Uma estrat\u00e9gica de timing de mercado.<\/p>\n<p>continua depois da publicidade<\/p>\n<p>Ao antecipar seus lan\u00e7amentos para outubro e novembro, dentro do \u00faltimo trimestre de 2026, o SBT rompe com o modelo de estrear tudo em mar\u00e7o, calend\u00e1rio que historicamente colocava a emissora em desvantagem, disputando apenas a sobra de verba de ag\u00eancias e anunciantes cujos planejamentos anuais j\u00e1 estavam consolidados.<\/p>\n<p>+\u00a0<a href=\"https:\/\/natelinha.uol.com.br\/mercado\/2026\/08\/24\/netflix-disney-e-prime-video-freiam-reajustes-com-consumidor-perto-do-limite-246605.php\" target=\"_blank\" rel=\"noopener noreferrer nofollow\">Netflix, Disney+ e Prime Video freiam reajustes com consumidor perto do limite<\/a><\/p>\n<p>+\u00a0<a href=\"https:\/\/natelinha.uol.com.br\/colunas\/joao-paulo-dell-santo\/2026\/08\/24\/falta-de-criterio-esvazia-debate-da-band-e-abre-espaco-para-avacalhacao-246608.php\" target=\"_blank\" rel=\"noopener noreferrer nofollow\">Falta de crit\u00e9rio esvazia debate da Band e abre espa\u00e7o para avacalha\u00e7\u00e3o<\/a><\/p>\n<p>Ao entrar na janela oficial de planejamento or\u00e7ament\u00e1rio, a rede garante presen\u00e7a no topo do share of wallet (fatia da carteira) do mercado publicit\u00e1rio.<\/p>\n<p>continua depois da publicidade<\/p>\n<p>Para viabilizar a estrat\u00e9gia, a emissora pretende definir em breve as novidades da sua grade para 2027. Uma das principais apostas do SBT para o evento \u00e9 anunciar a aquisi\u00e7\u00e3o dos direitos de transmiss\u00e3o da Copa do Brasil e da renova\u00e7\u00e3o da UEFA Champions League para o pr\u00f3ximo ciclo.<\/p>\n<p><img decoding=\"async\" loading=\"lazy\" class=\"horizontal\" src=\"https:\/\/www.europesays.com\/pt\/wp-content\/uploads\/2026\/08\/upfront-globo-2025_3907.jpeg\" alt=\"SBT adota modelo da Globo e planeja seu 1\u00ba Upfront em 2026\"\/><\/p>\n<p>A <a href=\"https:\/\/natelinha.uol.com.br\/televisao\/emissoras\/globo\" rel=\"nofollow noopener\" target=\"_blank\">Globo<\/a> realiza o Upfront desde 2020 e marcou a edi\u00e7\u00e3o deste ano para o final de outubro. No Brasil, a emissora \u00e9 a \u00fanica a adotar esse modelo, comum no exterior em empresas como Disney, Televisa, Netflix e NBC.<\/p>\n<p>continua depois da publicidade<\/p>\n<p>O que \u00e9 UpFront<\/p>\n<p>Upfront \u00e9 o evento em que emissoras de TV e plataformas de streaming apresentam a grade de programa\u00e7\u00e3o e os pacotes comerciais do ano seguinte para anunciantes e ag\u00eancias.<\/p>\n<p>A negocia\u00e7\u00e3o antecipada garante receita em caixa antes do in\u00edcio das grava\u00e7\u00f5es. Para as marcas, entrar nessa janela assegura exclusividade de segmento e espa\u00e7os nobres.<\/p>\n","protected":false},"excerpt":{"rendered":"O SBT\u00a0planeja seguir os passos das grandes emissoras internacionais e realizar, ainda neste ano, seu primeiro Upfront para&hellip;\n","protected":false},"author":2,"featured_media":498889,"comment_status":"","ping_status":"","sticky":false,"template":"","format":"standard","meta":{"footnotes":"","_share_on_mastodon":"0"},"categories":[142],"tags":[114,115,32,33,936,151],"class_list":["post-498888","post","type-post","status-publish","format-standard","has-post-thumbnail","category-tv","tag-entertainment","tag-entretenimento","tag-portugal","tag-pt","tag-sbt","tag-tv"],"share_on_mastodon":{"url":"https:\/\/pubeurope.com\/@pt\/117151492648337811","error":""},"_links":{"self":[{"href":"https:\/\/www.europesays.com\/pt\/wp-json\/wp\/v2\/posts\/498888","targetHints":{"allow":["GET"]}}],"collection":[{"href":"https:\/\/www.europesays.com\/pt\/wp-json\/wp\/v2\/posts"}],"about":[{"href":"https:\/\/www.europesays.com\/pt\/wp-json\/wp\/v2\/types\/post"}],"author":[{"embeddable":true,"href":"https:\/\/www.europesays.com\/pt\/wp-json\/wp\/v2\/users\/2"}],"replies":[{"embeddable":true,"href":"https:\/\/www.europesays.com\/pt\/wp-json\/wp\/v2\/comments?post=498888"}],"version-history":[{"count":0,"href":"https:\/\/www.europesays.com\/pt\/wp-json\/wp\/v2\/posts\/498888\/revisions"}],"wp:featuredmedia":[{"embeddable":true,"href":"https:\/\/www.europesays.com\/pt\/wp-json\/wp\/v2\/media\/498889"}],"wp:attachment":[{"href":"https:\/\/www.europesays.com\/pt\/wp-json\/wp\/v2\/media?parent=498888"}],"wp:term":[{"taxonomy":"category","embeddable":true,"href":"https:\/\/www.europesays.com\/pt\/wp-json\/wp\/v2\/categories?post=498888"},{"taxonomy":"post_tag","embeddable":true,"href":"https:\/\/www.europesays.com\/pt\/wp-json\/wp\/v2\/tags?post=498888"}],"curies":[{"name":"wp","href":"https:\/\/api.w.org\/{rel}","templated":true}]}}