{"id":499010,"date":"2026-08-24T18:27:13","date_gmt":"2026-08-24T18:27:13","guid":{"rendered":"https:\/\/www.europesays.com\/pt\/499010\/"},"modified":"2026-08-24T18:27:13","modified_gmt":"2026-08-24T18:27:13","slug":"vem-ai-sydney-sweeney-aparece-fantasiada-de-mulher-maravilha","status":"publish","type":"post","link":"https:\/\/www.europesays.com\/pt\/499010\/","title":{"rendered":"Vem a\u00ed? Sydney Sweeney aparece fantasiada de Mulher-Maravilha"},"content":{"rendered":"<p>A carreira de <strong>Sydney Sweeney<\/strong> segue em ascens\u00e3o firme. A atriz acaba de dar aos f\u00e3s de quadrinhos mais um motivo para especular sobre seu futuro nos filmes de her\u00f3i. Em uma publica\u00e7\u00e3o recente no Instagram, ela surgiu numa produ\u00e7\u00e3o fotogr\u00e1fica inspirada na <strong>Mulher-Maravilha<\/strong>. <\/p>\n<p>O material trazia traje completo e at\u00e9 uma sequ\u00eancia de a\u00e7\u00e3o num circuito suspenso. As imagens rapidamente circularam entre f\u00e3s da <strong>DC<\/strong>. Muitos voltaram a perguntar se ela seria uma boa escolha para viver <strong>Diana Prince<\/strong> no universo comandado por <strong>James Gunn<\/strong>.<\/p>\n<blockquote data-service=\"instagram\" data-category=\"marketing\" data-placeholder-image=\"https:\/\/www.einerd.com\/wp-content\/plugins\/complianz-gdpr\/assets\/images\/placeholders\/instagram-minimal.jpg\" class=\"cmplz-placeholder-element instagram-media\" data-instgrm-permalink=\"https:\/\/www.instagram.com\/p\/DcWHhgfG_RM\/?utm_source=ig_embed&amp;utm_campaign=loading\" data-instgrm-version=\"14\" style=\" background:#FFF; border:0; border-radius:3px; box-shadow:0 0 1px 0 rgba(0,0,0,0.5),0 1px 10px 0 rgba(0,0,0,0.15); margin: 1px; max-width:540px; min-width:326px; padding:0; width:99.375%; width:-webkit-calc(100% - 2px); width:calc(100% - 2px);\"><\/blockquote>\n<p>De Madame Teia a nome cotado da vez<\/p>\n<p>A trajet\u00f3ria recente de <strong>Sweeney <\/strong>ajuda a explicar o interesse. Sua atua\u00e7\u00e3o como a futura <strong>Mulher-Aranha<\/strong>, <strong>Julia Cornwall,<\/strong> foi, para muita gente, o \u00fanico destaque de <strong>Madame Teia<\/strong>. O longa \u00e9 amplamente considerado uma das piores adapta\u00e7\u00f5es recentes de quadrinhos. Mesmo assim, o trope\u00e7o n\u00e3o afetou seu ritmo em Hollywood. <\/p>\n<p>Ela estrelou <strong>Do Jeito que Elas Querem<\/strong> ao lado de <strong>Glen Powell, <\/strong>emplacou atua\u00e7\u00f5es elogiadas em <strong>Imaculada<\/strong> e <strong>A Empregada<\/strong>, retomou o papel de <strong>Cassie Howard<\/strong> na temporada final de <strong>Euphoria<\/strong> e agora se prepara para estrear no universo <strong>Gundam<\/strong>. Rumores sobre um poss\u00edvel salto para <strong>MCU <\/strong>ou <strong>DC <\/strong>j\u00e1 rondam seu nome h\u00e1 tempos. A lista incluia especula\u00e7\u00f5es antigas envolvendo a <strong>Gata Negra <\/strong>e <strong>Emma Frost.<\/strong><\/p>\n<p>Uma semelhan\u00e7a que aponta para outro lado<\/p>\n<p>Apesar do entusiasmo dos f\u00e3s, vale um contraponto: fisicamente, <strong>Sweeney <\/strong>n\u00e3o lembra muito a <strong>Diana Prince <\/strong>cl\u00e1ssica dos quadrinhos. <\/p>\n<p>A semelhan\u00e7a maior est\u00e1, na verdade, com <strong>Emelie<\/strong>. Ela \u00e9 uma guerreira renegada da<strong> Tropa das Amazonas<\/strong> na fase de <strong>Tom King<\/strong> em <strong>Mulher-Maravilha<\/strong>, e m\u00e3e da vil\u00e3 conhecida como <strong>Matriarca<\/strong>. Isso n\u00e3o impede a torcida, claro, mas mostra que a leitura visual dos f\u00e3s pode estar mirando o papel errado dentro da mitologia.<\/p>\n<p><img fetchpriority=\"high\" decoding=\"async\" width=\"1024\" height=\"737\" src=\"https:\/\/www.europesays.com\/pt\/wp-content\/uploads\/2026\/08\/amazona-emelie-dc-e1787592119106-1024x737.webp\" alt=\"\" class=\"wp-image-217132\"  \/>A amazona Emelie \u2013 Reprodu\u00e7\u00e3o\/DC Comics<br \/>\nO fracasso de Madame Teia<\/p>\n<p>Em entrevistas concedidas \u00e0 \u00e9poca do lan\u00e7amento, <strong>Sweeney <\/strong>j\u00e1 havia comentado sua experi\u00eancia no papel. Segundo ela, participar de uma produ\u00e7\u00e3o de est\u00fadio daquele porte ajudou a dar mais peso ao seu nome no mercado. A experi\u00eancia tamb\u00e9m representou a chance de fazer algo que os primos mais jovens pudessem acompanhar e entender melhor o seu trabalho. <\/p>\n<p>Questionada sobre a repercuss\u00e3o negativa do filme, tanto de cr\u00edtica quanto de bilheteria, ela minimizou o resultado comercial. Segundo a atriz, o que importa \u00e9 ter se divertido durante as grava\u00e7\u00f5es, independentemente do desempenho nas bilheterias. <\/p>\n<p>Vale lembrar que o pr\u00f3prio projeto nasceu de um universo de personagens ligados ao <strong>Homem-Aranha<\/strong> que a <strong>Sony <\/strong>vinha tentando expandir havia anos. \u00c9 o que mostra <a href=\"https:\/\/www.einerd.com.br\/dakota-johnson-madame-teia\/\" rel=\"nofollow noopener\" target=\"_blank\">o hist\u00f3rico de desenvolvimento do filme, que j\u00e1 teve at\u00e9 <strong>Dakota Johnson <\/strong>cotada<\/a>.<\/p>\n<p>Um posto em aberto na DC<\/p>\n<p>O reboot da <strong>Mulher-Maravilha<\/strong> no novo <strong>DCU <\/strong>segue em fase inicial, sem elenco anunciado. Isso deixa a porta aberta para esse tipo de especula\u00e7\u00e3o de f\u00e3s<strong>. James Gunn<\/strong> j\u00e1 indicou publicamente que a produ\u00e7\u00e3o segue sendo tratada com cuidado, ainda nos est\u00e1gios iniciais de desenvolvimento junto com outros projetos derivados do universo. <\/p>\n<p>A personagem j\u00e1 percorreu um longo caminho nos cinemas ao longo dos anos, como mostra <a href=\"https:\/\/www.einerd.com.br\/mulher-maravilha-3-gal-gadot\/\" rel=\"nofollow noopener\" target=\"_blank\">a trajet\u00f3ria de <strong>Gal Gadot<\/strong> no papel<\/a>. Enquanto o nome oficial n\u00e3o sai, resta \u00e0 web seguir arriscando palpites e reagindo a cada novo clique de c\u00e2mera. Voc\u00ea gostaria de ver <strong>Sweeney <\/strong>como <strong>Amazona <\/strong>no <strong>DCU<\/strong>?<\/p>\n<p><script async src=\"\/\/www.instagram.com\/embed.js\"><\/script><\/p>\n","protected":false},"excerpt":{"rendered":"A carreira de Sydney Sweeney segue em ascens\u00e3o firme. A atriz acaba de dar aos f\u00e3s de quadrinhos&hellip;\n","protected":false},"author":2,"featured_media":499011,"comment_status":"","ping_status":"","sticky":false,"template":"","format":"standard","meta":{"footnotes":"","_share_on_mastodon":"0"},"categories":[140],"tags":[12237,79966,114,115,147,148,10912,146,5709,32,33,4165],"class_list":["post-499010","post","type-post","status-publish","format-standard","has-post-thumbnail","category-filmes","tag-dcu","tag-emelie","tag-entertainment","tag-entretenimento","tag-film","tag-filmes","tag-gal-gadot","tag-movies","tag-mulher-maravilha","tag-portugal","tag-pt","tag-sydney-sweeney"],"share_on_mastodon":{"url":"https:\/\/pubeurope.com\/@pt\/117151901527457484","error":""},"_links":{"self":[{"href":"https:\/\/www.europesays.com\/pt\/wp-json\/wp\/v2\/posts\/499010","targetHints":{"allow":["GET"]}}],"collection":[{"href":"https:\/\/www.europesays.com\/pt\/wp-json\/wp\/v2\/posts"}],"about":[{"href":"https:\/\/www.europesays.com\/pt\/wp-json\/wp\/v2\/types\/post"}],"author":[{"embeddable":true,"href":"https:\/\/www.europesays.com\/pt\/wp-json\/wp\/v2\/users\/2"}],"replies":[{"embeddable":true,"href":"https:\/\/www.europesays.com\/pt\/wp-json\/wp\/v2\/comments?post=499010"}],"version-history":[{"count":0,"href":"https:\/\/www.europesays.com\/pt\/wp-json\/wp\/v2\/posts\/499010\/revisions"}],"wp:featuredmedia":[{"embeddable":true,"href":"https:\/\/www.europesays.com\/pt\/wp-json\/wp\/v2\/media\/499011"}],"wp:attachment":[{"href":"https:\/\/www.europesays.com\/pt\/wp-json\/wp\/v2\/media?parent=499010"}],"wp:term":[{"taxonomy":"category","embeddable":true,"href":"https:\/\/www.europesays.com\/pt\/wp-json\/wp\/v2\/categories?post=499010"},{"taxonomy":"post_tag","embeddable":true,"href":"https:\/\/www.europesays.com\/pt\/wp-json\/wp\/v2\/tags?post=499010"}],"curies":[{"name":"wp","href":"https:\/\/api.w.org\/{rel}","templated":true}]}}