{"id":499171,"date":"2026-08-24T20:57:18","date_gmt":"2026-08-24T20:57:18","guid":{"rendered":"https:\/\/www.europesays.com\/pt\/499171\/"},"modified":"2026-08-24T20:57:18","modified_gmt":"2026-08-24T20:57:18","slug":"algo-nunca-visto-desde-a-disney-franca-anuncia-grande-parque-de-diversoes-e-o-investimento-milionario-chega-da-arabia-saudita","status":"publish","type":"post","link":"https:\/\/www.europesays.com\/pt\/499171\/","title":{"rendered":"&#8220;Algo nunca visto desde a Disney&#8221;: Fran\u00e7a anuncia grande parque de divers\u00f5es (e o investimento milion\u00e1rio chega da Ar\u00e1bia Saudita)"},"content":{"rendered":"<p>                Espa\u00e7o ter\u00e1 tr\u00eas parques com temas que ainda n\u00e3o foram divulgados e empregar\u00e1 mais de 20.000 pessoas<\/p>\n<p>Fran\u00e7a ir\u00e1 receber mais um complexo de parques de divers\u00e3o que competir\u00e1 com a Disneyland. Agora com investimento saudita e inspirado em mangas japoneses (semelhantes a bandas desenhadas), o local ser\u00e1 composto por tr\u00eas partes que devem empregar mais de 20 mil pessoas e custar cerca de seis mil milh\u00f5es de euros.<\/p>\n<p>O an\u00fancio ocorreu esta segunda-feira durante uma visita de Mohammed bin Salman, pr\u00edncipe herdeiro da Ar\u00e1bia Saudita, a Paris. Segundo o Pal\u00e1cio do Eliseu, o espa\u00e7o ser\u00e1 localizado em\u00a0Cergy-Pontoise, a pouco mais de 50 quil\u00f3metros da capital francesa, num terreno onde foi constru\u00eddo o primeiro grande parque de divers\u00f5es do pa\u00eds, o Mirapolis, que esteve ativo entre 1987 e 1991.<\/p>\n<p>&#8220;Sabem do meu interesse pelos mangas. Sabem tamb\u00e9m da minha determina\u00e7\u00e3o em atrair para Fran\u00e7a os investimentos que criam empregos e tornam poss\u00edveis os projetos mais ambiciosos&#8221;, escreveu Emmanuel Macron, presidente da Fran\u00e7a, nas redes sociais. &#8220;Juntamente com a Ar\u00e1bia Saudita, estamos a fazer um an\u00fancio sem precedentes. Em Cergy-Pontoise, v\u00e3o surgir tr\u00eas parques tem\u00e1ticos. Seis mil milh\u00f5es de euros de investimento, 22 mil postos de trabalho criados. Algo nunca visto desde a Disneyland Paris&#8221;.<\/p>\n<p>Segundo o jornal <a href=\"https:\/\/www.lefigaro.fr\/conjoncture\/l-arabie-saoudite-va-creer-trois-nouveaux-parcs-d-attractions-en-ile-de-france-annonce-l-elysee-20260824\" target=\"_blank\" rel=\"nofollow noopener\">Le Figaro<\/a>, os temas dos parques ainda n\u00e3o foram divulgados. No entanto, h\u00e1 rumores de que um dos espa\u00e7os ser\u00e1 focado no manga Dragon Ball, um dos mais conhecidos do mundo.<\/p>\n<p>O investimento saudita em parques de divers\u00e3o n\u00e3o \u00e9 uma novidade. O pa\u00eds est\u00e1 a construir uma cidade inteira focada em entretenimento, desporto e cultura para diversificar a economia do reino. Em\u00a0Qiddiya, est\u00e1 a ser constru\u00eddo um espa\u00e7o com o tema Dragon Ball e j\u00e1 h\u00e1 um Six Flags, que possui a montanha-russa mais alta e mais r\u00e1pida do mundo.<\/p>\n","protected":false},"excerpt":{"rendered":"Espa\u00e7o ter\u00e1 tr\u00eas parques com temas que ainda n\u00e3o foram divulgados e empregar\u00e1 mais de 20.000 pessoas Fran\u00e7a&hellip;\n","protected":false},"author":2,"featured_media":499172,"comment_status":"","ping_status":"","sticky":false,"template":"","format":"standard","meta":{"footnotes":"","_share_on_mastodon":"0"},"categories":[50],"tags":[609,836,611,1145,27,28,607,608,333,832,604,135,610,44276,476,15,16,208,301,830,14,603,25,26,570,21,22,831,2550,833,62,834,12,13,19,20,835,602,35377,52,32,23,24,17,18,29,30,31,63,64,65],"class_list":["post-499171","post","type-post","status-publish","format-standard","has-post-thumbnail","category-mundo","tag-alerta","tag-analise","tag-ao-minuto","tag-arabia-saudita","tag-breaking-news","tag-breakingnews","tag-cnn","tag-cnn-portugal","tag-comentadores","tag-costa","tag-crime","tag-desporto","tag-direto","tag-disneyland-paris","tag-economia","tag-featured-news","tag-featurednews","tag-franca","tag-governo","tag-guerra","tag-headlines","tag-justica","tag-latest-news","tag-latestnews","tag-live","tag-main-news","tag-mainnews","tag-mais-vistas","tag-mangas","tag-marcelo","tag-mundo","tag-negocios","tag-news","tag-noticias","tag-noticias-principais","tag-noticiasprincipais","tag-opiniao","tag-pais","tag-parque-tematico","tag-politica","tag-portugal","tag-principais-noticias","tag-principaisnoticias","tag-top-stories","tag-topstories","tag-ultimas","tag-ultimas-noticias","tag-ultimasnoticias","tag-world","tag-world-news","tag-worldnews"],"share_on_mastodon":{"url":"","error":"Validation failed: Text character limit of 500 exceeded"},"_links":{"self":[{"href":"https:\/\/www.europesays.com\/pt\/wp-json\/wp\/v2\/posts\/499171","targetHints":{"allow":["GET"]}}],"collection":[{"href":"https:\/\/www.europesays.com\/pt\/wp-json\/wp\/v2\/posts"}],"about":[{"href":"https:\/\/www.europesays.com\/pt\/wp-json\/wp\/v2\/types\/post"}],"author":[{"embeddable":true,"href":"https:\/\/www.europesays.com\/pt\/wp-json\/wp\/v2\/users\/2"}],"replies":[{"embeddable":true,"href":"https:\/\/www.europesays.com\/pt\/wp-json\/wp\/v2\/comments?post=499171"}],"version-history":[{"count":0,"href":"https:\/\/www.europesays.com\/pt\/wp-json\/wp\/v2\/posts\/499171\/revisions"}],"wp:featuredmedia":[{"embeddable":true,"href":"https:\/\/www.europesays.com\/pt\/wp-json\/wp\/v2\/media\/499172"}],"wp:attachment":[{"href":"https:\/\/www.europesays.com\/pt\/wp-json\/wp\/v2\/media?parent=499171"}],"wp:term":[{"taxonomy":"category","embeddable":true,"href":"https:\/\/www.europesays.com\/pt\/wp-json\/wp\/v2\/categories?post=499171"},{"taxonomy":"post_tag","embeddable":true,"href":"https:\/\/www.europesays.com\/pt\/wp-json\/wp\/v2\/tags?post=499171"}],"curies":[{"name":"wp","href":"https:\/\/api.w.org\/{rel}","templated":true}]}}