{"id":499189,"date":"2026-08-24T21:12:51","date_gmt":"2026-08-24T21:12:51","guid":{"rendered":"https:\/\/www.europesays.com\/pt\/499189\/"},"modified":"2026-08-24T21:12:51","modified_gmt":"2026-08-24T21:12:51","slug":"as-reformas-em-portugal-sao-sagradas","status":"publish","type":"post","link":"https:\/\/www.europesays.com\/pt\/499189\/","title":{"rendered":"As reformas em Portugal s\u00e3o &#8220;sagradas&#8221;"},"content":{"rendered":"<p class=\"wp-caption-text top\">Manuel Fernando Ara\u00fajo \/ LUSA<\/p>\n<p><img loading=\"eager\" fetchpriority=\"high\" decoding=\"async\" class=\"size-kopa-image-size-3 wp-image-761158\" src=\"https:\/\/www.europesays.com\/pt\/wp-content\/uploads\/2026\/08\/cef76516ed7f06451cf54d5176716f29-783x450.jpg\" alt=\"\" width=\"700\" height=\"402\"  \/><\/p>\n<p class=\"wp-caption-text bot\">O Presidente da Rep\u00fablica, Ant\u00f3nio Jos\u00e9 Seguro<\/p>\n<p><strong>Ant\u00f3nio Jos\u00e9 Seguro lembra que s\u00f3 Parlamento ou Governo podem mudar as leis. Em Viana do Castelo, ouviu recados sobre TGV.<\/strong><\/p>\n<p>O Presidente da Rep\u00fablica, Ant\u00f3nio Jos\u00e9 Seguro, considerou neste s\u00e1bado que \u201cas reformas em Portugal s\u00e3o sagradas\u201d, lembrando que eventuais altera\u00e7\u00f5es \u00e0s leis relativa aos sistemas de pens\u00f5es competem ao Parlamento ou ao Governo.<\/p>\n<p>Recebido com muitas palmas durante o Cortejo Hist\u00f3rico e Etnogr\u00e1fico da Romaria d\u2019Agonia, em plena Avenida dos Combatentes, no centro da cidade minhota de Viana do Castelo, onde se concentraram milhares de pessoas, o chefe de Estado foi cumprimentando v\u00e1rias pessoas com quem se cruzava, tendo sido interpelado por um popular, preocupado com a sua reforma.<\/p>\n<p>Questionado pelos jornalistas sobre se est\u00e1 prevista alguma altera\u00e7\u00e3o \u00e0 lei, respondeu: \u201cComo sabe, isso compete ao Parlamento ou compete ao governo. Agora, as reformas em Portugal s\u00e3o sagradas\u201d.<\/p>\n<p>\u201cO melhor que o povo tem\u201d<\/p>\n<p>O Presidente da Rep\u00fablica afirmou que a Romaria D\u2019 Agonia mostra \u201co melhor que o povo portugu\u00eas tem\u201d, destacando \u201ca autenticidade, a alegria e identidade\u201d de uma festa que considerou \u201cformid\u00e1vel\u201d e, \u201cespetacular\u201d.<\/p>\n<p>Ant\u00f3nio Jos\u00e9 Seguro, que falava aos jornalistas no final do cortejo hist\u00f3rico etnogr\u00e1fico, que desfilou na cidade durante mais de duas horas e meia, acrescentou que a \u201cfesta representa a capacidade do povo portugu\u00eas de conciliar o trabalho, a alegria e a satisfa\u00e7\u00e3o\u201d, constituindo um motivo de orgulho e \u201cuma grande express\u00e3o da cultura e da identidade portuguesa\u201d.<\/p>\n<p>\u201c\u00c9 uma grande li\u00e7\u00e3o de unidade que \u00e9 dada a todos\u201d, afirmou o chefe de Estado, que foi recebido com exalta\u00e7\u00e3o pelos milhares de pessoas presentes nas ruas da cidade.<\/p>\n<p>Seguro destacou ainda \u201ca forte identidade de Viana do Castelo e do Minho patente no cortejo, deixando uma refer\u00eancia particular \u00e0s mulheres do Minho\u201d.<\/p>\n<p>TGV<\/p>\n<p>Ant\u00f3nio Jos\u00e9 Seguro esteve com Xoan Mao, secret\u00e1rio-geral do Eixo Atl\u00e2ntico, que pediu ao presidente da Rep\u00fablica para falar com Pedro S\u00e1nchez, primeiro-ministro de Espanha; porque o TGV, \u201ctema fulcral\u201d para a competitividade regional, deveria avan\u00e7ar.<\/p>\n<p>Xoan Mao tem no\u00e7\u00e3o de que Seguro n\u00e3o \u00e9 respons\u00e1vel pelo projeto do comboio de alta velocidade, mas \u201csempre mostrou o seu apoio a S\u00e1nchez e S\u00e1nchez tem boa impress\u00e3o dele\u201d.<\/p>\n<p>Isto numa fase em que, segundo o mesmo secret\u00e1rio-geral, os governos de Portugal e Espanha atravessam \u201cum momento muito complicado\u201d.<\/p>\n<p>\u201cA rela\u00e7\u00e3o entre o presidente do governo portugu\u00eas e o presidente do governo espanhol n\u00e3o \u00e9 m\u00e1, mas \u00e9 cordial e n\u00e3o avan\u00e7a tanto como avan\u00e7ava anteriormente\u201d, comentou, citado no <a href=\"https:\/\/www.dn.pt\/pol%C3%ADtica\/seguro-afasta-mexidas-nas-penses-por-parte-de-belm-as-reformas-em-portugal-so-sagradas\" data-wpel-link=\"external\" rel=\"noopener nofollow\" class=\"ext-link\" target=\"_blank\">Di\u00e1rio de Not\u00edcias<\/a>.<\/p>\n<p>E os ministros das Infraestruturas em Portugal e Espanha \u201cn\u00e3o t\u00eam uma rela\u00e7\u00e3o porque n\u00e3o falam\u201d.<\/p>\n","protected":false},"excerpt":{"rendered":"Manuel Fernando Ara\u00fajo \/ LUSA O Presidente da Rep\u00fablica, Ant\u00f3nio Jos\u00e9 Seguro Ant\u00f3nio Jos\u00e9 Seguro lembra que s\u00f3&hellip;\n","protected":false},"author":2,"featured_media":499190,"comment_status":"","ping_status":"","sticky":false,"template":"","format":"standard","meta":{"footnotes":"","_share_on_mastodon":"0"},"categories":[10],"tags":[3399,27,28,269,476,15,16,14,25,26,21,22,12,13,19,20,7707,52,32,23,24,33,915,17,18,29,30,31],"class_list":["post-499189","post","type-post","status-publish","format-standard","has-post-thumbnail","category-portugal","tag-antonio-jose-seguro","tag-breaking-news","tag-breakingnews","tag-capa","tag-economia","tag-featured-news","tag-featurednews","tag-headlines","tag-latest-news","tag-latestnews","tag-main-news","tag-mainnews","tag-news","tag-noticias","tag-noticias-principais","tag-noticiasprincipais","tag-pensoes","tag-politica","tag-portugal","tag-principais-noticias","tag-principaisnoticias","tag-pt","tag-seguranca-social","tag-top-stories","tag-topstories","tag-ultimas","tag-ultimas-noticias","tag-ultimasnoticias"],"share_on_mastodon":{"url":"https:\/\/pubeurope.com\/@pt\/117152554507395784","error":""},"_links":{"self":[{"href":"https:\/\/www.europesays.com\/pt\/wp-json\/wp\/v2\/posts\/499189","targetHints":{"allow":["GET"]}}],"collection":[{"href":"https:\/\/www.europesays.com\/pt\/wp-json\/wp\/v2\/posts"}],"about":[{"href":"https:\/\/www.europesays.com\/pt\/wp-json\/wp\/v2\/types\/post"}],"author":[{"embeddable":true,"href":"https:\/\/www.europesays.com\/pt\/wp-json\/wp\/v2\/users\/2"}],"replies":[{"embeddable":true,"href":"https:\/\/www.europesays.com\/pt\/wp-json\/wp\/v2\/comments?post=499189"}],"version-history":[{"count":0,"href":"https:\/\/www.europesays.com\/pt\/wp-json\/wp\/v2\/posts\/499189\/revisions"}],"wp:featuredmedia":[{"embeddable":true,"href":"https:\/\/www.europesays.com\/pt\/wp-json\/wp\/v2\/media\/499190"}],"wp:attachment":[{"href":"https:\/\/www.europesays.com\/pt\/wp-json\/wp\/v2\/media?parent=499189"}],"wp:term":[{"taxonomy":"category","embeddable":true,"href":"https:\/\/www.europesays.com\/pt\/wp-json\/wp\/v2\/categories?post=499189"},{"taxonomy":"post_tag","embeddable":true,"href":"https:\/\/www.europesays.com\/pt\/wp-json\/wp\/v2\/tags?post=499189"}],"curies":[{"name":"wp","href":"https:\/\/api.w.org\/{rel}","templated":true}]}}