{"id":499307,"date":"2026-08-24T23:17:51","date_gmt":"2026-08-24T23:17:51","guid":{"rendered":"https:\/\/www.europesays.com\/pt\/499307\/"},"modified":"2026-08-24T23:17:51","modified_gmt":"2026-08-24T23:17:51","slug":"acidente-na-marginal-corpo-encontrado-na-praia-da-parede-observador","status":"publish","type":"post","link":"https:\/\/www.europesays.com\/pt\/499307\/","title":{"rendered":"Acidente na Marginal. Corpo encontrado na praia da Parede \u2013 Observador"},"content":{"rendered":"<p>Uma pessoa morreu na manh\u00e3 desta segunda-feira junto \u00e0 Estrada Nacional (EN) 6, Marginal de Cascais, no distrito de Lisboa. As circunst\u00e2ncias est\u00e3o ainda em investiga\u00e7\u00e3o.<\/p>\n<p>O ve\u00edculo ligeiro despistou-se na avenida, no sentido Cascais-Lisboa, saiu da estrada, embateu na muralha e <strong>imobilizou-se junto a uns ecopontos<\/strong> no parque de estacionamento da praia da Parede, disse \u00e0 Lusa o comandante dos Bombeiros da Parede, Pedro Ara\u00fajo.<\/p>\n<p>Fonte oficial da Pol\u00edcia de Seguran\u00e7a P\u00fablica (PSP) confirmou ao Observador o despiste, adiantando que o carro sofreu danos \u201cna parte frontal e lateral direita, com a porta do pendura aberta\u201d.<\/p>\n<p>\u201c<strong>Nas rochas encontrava-se o cad\u00e1ver de um homem com cerca de 50 anos de idade<\/strong>. O \u00f3bito foi declarado pelo m\u00e9dico da VMER do INEM e transportado para o Instituto Nacional de Medicina Legal\u201d, referiu ainda a PSP, acrescentando que a brigada de investiga\u00e7\u00e3o de acidentes de via\u00e7\u00e3o \u201cvai investigar se o corpo foi projetado da viatura para as rochas\u201d.<\/p>\n<p>O alerta foi dado pelas 7h04 desta segunda-feira. No local estiveram os bombeiros da Parede e do Estoril, Instituto Nacional de Emerg\u00eancia M\u00e9dica (INEM), Pol\u00edcia de Seguran\u00e7a P\u00fablica (PSP) e Pol\u00edcia Mar\u00edtima.<\/p>\n","protected":false},"excerpt":{"rendered":"Uma pessoa morreu na manh\u00e3 desta segunda-feira junto \u00e0 Estrada Nacional (EN) 6, Marginal de Cascais, no distrito&hellip;\n","protected":false},"author":2,"featured_media":499308,"comment_status":"","ping_status":"","sticky":false,"template":"","format":"standard","meta":{"footnotes":"","_share_on_mastodon":"0"},"categories":[10],"tags":[59,8436,27,28,15,16,14,25,26,21,22,1437,12,13,19,20,32,23,24,33,58,17,18,29,30,31],"class_list":["post-499307","post","type-post","status-publish","format-standard","has-post-thumbnail","category-portugal","tag-acidente","tag-acidente-rodoviu00e1rio","tag-breaking-news","tag-breakingnews","tag-featured-news","tag-featurednews","tag-headlines","tag-latest-news","tag-latestnews","tag-main-news","tag-mainnews","tag-morte","tag-news","tag-noticias","tag-noticias-principais","tag-noticiasprincipais","tag-portugal","tag-principais-noticias","tag-principaisnoticias","tag-pt","tag-sociedade","tag-top-stories","tag-topstories","tag-ultimas","tag-ultimas-noticias","tag-ultimasnoticias"],"share_on_mastodon":{"url":"https:\/\/pubeurope.com\/@pt\/117153045237602583","error":""},"_links":{"self":[{"href":"https:\/\/www.europesays.com\/pt\/wp-json\/wp\/v2\/posts\/499307","targetHints":{"allow":["GET"]}}],"collection":[{"href":"https:\/\/www.europesays.com\/pt\/wp-json\/wp\/v2\/posts"}],"about":[{"href":"https:\/\/www.europesays.com\/pt\/wp-json\/wp\/v2\/types\/post"}],"author":[{"embeddable":true,"href":"https:\/\/www.europesays.com\/pt\/wp-json\/wp\/v2\/users\/2"}],"replies":[{"embeddable":true,"href":"https:\/\/www.europesays.com\/pt\/wp-json\/wp\/v2\/comments?post=499307"}],"version-history":[{"count":0,"href":"https:\/\/www.europesays.com\/pt\/wp-json\/wp\/v2\/posts\/499307\/revisions"}],"wp:featuredmedia":[{"embeddable":true,"href":"https:\/\/www.europesays.com\/pt\/wp-json\/wp\/v2\/media\/499308"}],"wp:attachment":[{"href":"https:\/\/www.europesays.com\/pt\/wp-json\/wp\/v2\/media?parent=499307"}],"wp:term":[{"taxonomy":"category","embeddable":true,"href":"https:\/\/www.europesays.com\/pt\/wp-json\/wp\/v2\/categories?post=499307"},{"taxonomy":"post_tag","embeddable":true,"href":"https:\/\/www.europesays.com\/pt\/wp-json\/wp\/v2\/tags?post=499307"}],"curies":[{"name":"wp","href":"https:\/\/api.w.org\/{rel}","templated":true}]}}