{"id":49931,"date":"2025-08-29T10:53:14","date_gmt":"2025-08-29T10:53:14","guid":{"rendered":"https:\/\/www.europesays.com\/pt\/49931\/"},"modified":"2025-08-29T10:53:14","modified_gmt":"2025-08-29T10:53:14","slug":"marido-de-xuxa-teria-se-encontrado-com-massagista-em-sp-e-tudo-e","status":"publish","type":"post","link":"https:\/\/www.europesays.com\/pt\/49931\/","title":{"rendered":"Marido de Xuxa teria se encontrado com massagista em SP e tudo \u00e9"},"content":{"rendered":"<p>O cantor Junno Andrade, que mant\u00e9m um relacionamento com a apresentadora Xuxa Meneghel h\u00e1 12 anos, encontrou-se com uma modelo e massagista chamada Luana Saraiva em S\u00e3o Paulo em pelo menos duas ocasi\u00f5es, de acordo com a apura\u00e7\u00e3o da colunista F\u00e1bia Oliveira. As sess\u00f5es ocorreram em 2024 e em junho deste ano e tiveram o conhecido \u201cfinal feliz\u201d, ou seja, quando o profissional e o cliente praticam sexo.<\/p>\n<p>Em entrevista, Luana revelou que Junno afirmou que a apresentadora Xuxa estaria ciente de suas visitas. \u201cSempre fazia massagem e gostava bastante\u201d, disse ela.<\/p>\n<p>O primeiro atendimento, conforme relatado pela modelo, ocorreu em 2024. Ap\u00f3s a sess\u00e3o, Junno passou a segui-la no Instagram e manteve contato de maneira reservada.<\/p>\n<p>\u201cEle queria saber onde eu atendia e se podia atend\u00ea-lo. Conversamos. Marcamos a massagem no Brooklin [bairro de S\u00e3o Paulo], local que eu alugava sala para atendimento e sa\u00edmos para comer depois pr\u00f3ximo dali\u201d, contou.<\/p>\n<p>Luana tamb\u00e9m descreveu o comportamento do artista durante o encontro. \u201cSimp\u00e1tico como sempre e educado. At\u00e9 falei que n\u00e3o mandaria mensagem para ele por quest\u00e3o de sigilo\u201d, comentou.<\/p>\n<p>Segundo ela, o cantor garantiu que Xuxa sabia de suas massagens. \u201cEle disse que a esposa sabia que ele fazia massagem\u201d, acrescentou.<\/p>\n<p>O reencontro entre eles teria ocorrido em junho. Luana revelou ainda que costuma cobrar R$ 680 por uma sess\u00e3o de duas horas, mas que Junno negociou um valor menor.<\/p>\n<p>\u201cEle pediu desconto na viv\u00eancia de R$ 450\u201d, disse, em tom bem-humorado. A massagista tamb\u00e9m explicou o termo: \u201cviv\u00eancia\u201d seria a troca que envolve o ato sexual ao final do atendimento.\u00a0<\/p>\n<p>\u00a0<\/p>\n<p>\u00a0<\/p>\n","protected":false},"excerpt":{"rendered":"O cantor Junno Andrade, que mant\u00e9m um relacionamento com a apresentadora Xuxa Meneghel h\u00e1 12 anos, encontrou-se com&hellip;\n","protected":false},"author":2,"featured_media":49932,"comment_status":"","ping_status":"","sticky":false,"template":"","format":"standard","meta":{"footnotes":""},"categories":[145],"tags":[211,210,114,115,14674,32,33,2750],"class_list":{"0":"post-49931","1":"post","2":"type-post","3":"status-publish","4":"format-standard","5":"has-post-thumbnail","7":"category-celebridades","8":"tag-celebridades","9":"tag-celebrities","10":"tag-entertainment","11":"tag-entretenimento","12":"tag-junno","13":"tag-portugal","14":"tag-pt","15":"tag-xuxa"},"share_on_mastodon":{"url":"","error":""},"_links":{"self":[{"href":"https:\/\/www.europesays.com\/pt\/wp-json\/wp\/v2\/posts\/49931","targetHints":{"allow":["GET"]}}],"collection":[{"href":"https:\/\/www.europesays.com\/pt\/wp-json\/wp\/v2\/posts"}],"about":[{"href":"https:\/\/www.europesays.com\/pt\/wp-json\/wp\/v2\/types\/post"}],"author":[{"embeddable":true,"href":"https:\/\/www.europesays.com\/pt\/wp-json\/wp\/v2\/users\/2"}],"replies":[{"embeddable":true,"href":"https:\/\/www.europesays.com\/pt\/wp-json\/wp\/v2\/comments?post=49931"}],"version-history":[{"count":0,"href":"https:\/\/www.europesays.com\/pt\/wp-json\/wp\/v2\/posts\/49931\/revisions"}],"wp:featuredmedia":[{"embeddable":true,"href":"https:\/\/www.europesays.com\/pt\/wp-json\/wp\/v2\/media\/49932"}],"wp:attachment":[{"href":"https:\/\/www.europesays.com\/pt\/wp-json\/wp\/v2\/media?parent=49931"}],"wp:term":[{"taxonomy":"category","embeddable":true,"href":"https:\/\/www.europesays.com\/pt\/wp-json\/wp\/v2\/categories?post=49931"},{"taxonomy":"post_tag","embeddable":true,"href":"https:\/\/www.europesays.com\/pt\/wp-json\/wp\/v2\/tags?post=49931"}],"curies":[{"name":"wp","href":"https:\/\/api.w.org\/{rel}","templated":true}]}}