{"id":499491,"date":"2026-08-25T03:00:32","date_gmt":"2026-08-25T03:00:32","guid":{"rendered":"https:\/\/www.europesays.com\/pt\/499491\/"},"modified":"2026-08-25T03:00:32","modified_gmt":"2026-08-25T03:00:32","slug":"tragedia-empresaria-morre-apos-cirurgia-estetica-de-oito-horas","status":"publish","type":"post","link":"https:\/\/www.europesays.com\/pt\/499491\/","title":{"rendered":"Trag\u00e9dia: empres\u00e1ria morre ap\u00f3s cirurgia est\u00e9tica de oito horas"},"content":{"rendered":"<p>Andreia Vieira Gaspar, empres\u00e1ria brasileira de 51 anos residente em Madrid, morreu depois de ser submetida a uma longa cirurgia est\u00e9tica num hospital de Goi\u00e2nia, no Brasil. A fam\u00edlia da mulher levantou suspeitas sobre o atendimento prestado e denunciou poss\u00edveis falhas \u00e0s autoridades.<\/p>\n<p>De acordo com os familiares, Andreia regressou ao Brasil, onde nasceu, especificamente para realizar a interven\u00e7\u00e3o. A cirurgia ter\u00e1 durado mais de oito horas e envolveu seis procedimentos diferentes na zona do rosto.<\/p>\n<p>Entre as interven\u00e7\u00f5es realizadas estavam altera\u00e7\u00f5es na linha do cabelo, reposicionamento de tecidos e m\u00fasculos, procedimentos no queixo, remo\u00e7\u00e3o de excesso de pele e gordura e ainda aplica\u00e7\u00e3o de c\u00e9lulas estaminais retiradas do pr\u00f3prio corpo.<\/p>\n<p>Ap\u00f3s a opera\u00e7\u00e3o, a empres\u00e1ria foi encaminhada para um quarto. Foi nesse momento que, segundo a fam\u00edlia, come\u00e7aram a surgir sinais de que algo n\u00e3o estaria bem.<\/p>\n<p>A irm\u00e3 de Andreia, Djiane Vieira, contou que a empres\u00e1ria apresentava a l\u00edngua muito inchada e n\u00e3o conseguia fechar a boca. Perante o agravamento do estado da paciente, a fam\u00edlia ter\u00e1 chamado a equipa m\u00e9dica.<\/p>\n<p>Cerca de seis horas depois, o estado de sa\u00fade de Andreia piorou drasticamente. Foram realizadas manobras de reanima\u00e7\u00e3o, mas a empres\u00e1ria acabou por morrer.<\/p>\n<p>As causas da morte est\u00e3o agora a ser investigadas.<\/p>\n","protected":false},"excerpt":{"rendered":"Andreia Vieira Gaspar, empres\u00e1ria brasileira de 51 anos residente em Madrid, morreu depois de ser submetida a uma&hellip;\n","protected":false},"author":2,"featured_media":499492,"comment_status":"","ping_status":"","sticky":false,"template":"","format":"standard","meta":{"footnotes":"","_share_on_mastodon":"0"},"categories":[50],"tags":[80064,726,27,28,47837,980,15,16,14,82,25,26,21,22,62,12,13,19,20,23,24,1012,17,18,7343,29,30,31,63,64,65],"class_list":["post-499491","post","type-post","status-publish","format-standard","has-post-thumbnail","category-mundo","tag-andreia-vieira-gaspar","tag-brasil","tag-breaking-news","tag-breakingnews","tag-cirurgia-estetica","tag-famosos","tag-featured-news","tag-featurednews","tag-headlines","tag-internacional","tag-latest-news","tag-latestnews","tag-main-news","tag-mainnews","tag-mundo","tag-news","tag-noticias","tag-noticias-principais","tag-noticiasprincipais","tag-principais-noticias","tag-principaisnoticias","tag-selfie","tag-top-stories","tag-topstories","tag-tragedia","tag-ultimas","tag-ultimas-noticias","tag-ultimasnoticias","tag-world","tag-world-news","tag-worldnews"],"share_on_mastodon":{"url":"https:\/\/pubeurope.com\/@pt\/117153918180788617","error":""},"_links":{"self":[{"href":"https:\/\/www.europesays.com\/pt\/wp-json\/wp\/v2\/posts\/499491","targetHints":{"allow":["GET"]}}],"collection":[{"href":"https:\/\/www.europesays.com\/pt\/wp-json\/wp\/v2\/posts"}],"about":[{"href":"https:\/\/www.europesays.com\/pt\/wp-json\/wp\/v2\/types\/post"}],"author":[{"embeddable":true,"href":"https:\/\/www.europesays.com\/pt\/wp-json\/wp\/v2\/users\/2"}],"replies":[{"embeddable":true,"href":"https:\/\/www.europesays.com\/pt\/wp-json\/wp\/v2\/comments?post=499491"}],"version-history":[{"count":0,"href":"https:\/\/www.europesays.com\/pt\/wp-json\/wp\/v2\/posts\/499491\/revisions"}],"wp:featuredmedia":[{"embeddable":true,"href":"https:\/\/www.europesays.com\/pt\/wp-json\/wp\/v2\/media\/499492"}],"wp:attachment":[{"href":"https:\/\/www.europesays.com\/pt\/wp-json\/wp\/v2\/media?parent=499491"}],"wp:term":[{"taxonomy":"category","embeddable":true,"href":"https:\/\/www.europesays.com\/pt\/wp-json\/wp\/v2\/categories?post=499491"},{"taxonomy":"post_tag","embeddable":true,"href":"https:\/\/www.europesays.com\/pt\/wp-json\/wp\/v2\/tags?post=499491"}],"curies":[{"name":"wp","href":"https:\/\/api.w.org\/{rel}","templated":true}]}}