{"id":49951,"date":"2025-08-29T11:10:10","date_gmt":"2025-08-29T11:10:10","guid":{"rendered":"https:\/\/www.europesays.com\/pt\/49951\/"},"modified":"2025-08-29T11:10:10","modified_gmt":"2025-08-29T11:10:10","slug":"apos-iniciar-tratamento-para-leucemia-afonso-recebe-noticia-devastadora","status":"publish","type":"post","link":"https:\/\/www.europesays.com\/pt\/49951\/","title":{"rendered":"ap\u00f3s iniciar tratamento para leucemia, Afonso recebe not\u00edcia devastadora"},"content":{"rendered":"\n<p class=\" content-text__container \" data-track-category=\"Link no Texto\" data-track-links=\"\"> Em cenas previstas para a pr\u00f3xima ter\u00e7a-feira (2), Solange (<a class=\"\" href=\"https:\/\/oglobo.globo.com\/tudo-sobre\/personalidade\/alice-wegmann\" rel=\"nofollow noopener\" target=\"_blank\">Alice Wegmann<\/a>) acompanhar\u00e1 o filho de Odete (<a class=\"\" href=\"https:\/\/oglobo.globo.com\/tudo-sobre\/personalidade\/debora-bloch\" rel=\"nofollow noopener\" target=\"_blank\">D\u00e9bora Bloch<\/a>) na interna\u00e7\u00e3o. Em nova consulta, o m\u00e9dico afirmar\u00e1 para o casal que s\u00f3 saber\u00e1 se a medica\u00e7\u00e3o est\u00e1 fazendo efeito ap\u00f3s receber os resultados dos exames. <\/p>\n<p class=\" content-text__container \" data-track-category=\"Link no Texto\" data-track-links=\"\"> Mais tarde, com os resultados em m\u00e3os, Afonso receber\u00e1 a not\u00edcia de que precisar\u00e1 realizar um transplante de medula. Devastado, ele dir\u00e1 para Solange que n\u00e3o pretende dar continuidade ao tratamento, e Solange tentar\u00e1 anim\u00e1-lo. <\/p>\n","protected":false},"excerpt":{"rendered":"Em cenas previstas para a pr\u00f3xima ter\u00e7a-feira (2), Solange (Alice Wegmann) acompanhar\u00e1 o filho de Odete (D\u00e9bora Bloch)&hellip;\n","protected":false},"author":2,"featured_media":49952,"comment_status":"","ping_status":"","sticky":false,"template":"","format":"standard","meta":{"footnotes":""},"categories":[142],"tags":[6542,2324,114,115,2814,32,33,679,151,2323,2154],"class_list":{"0":"post-49951","1":"post","2":"type-post","3":"status-publish","4":"format-standard","5":"has-post-thumbnail","7":"category-tv","8":"tag-alice-wegmann","9":"tag-debora-bloch","10":"tag-entertainment","11":"tag-entretenimento","12":"tag-humberto-carrao","13":"tag-portugal","14":"tag-pt","15":"tag-reportagem","16":"tag-tv","17":"tag-tv-globo","18":"tag-vale-tudo"},"share_on_mastodon":{"url":"","error":""},"_links":{"self":[{"href":"https:\/\/www.europesays.com\/pt\/wp-json\/wp\/v2\/posts\/49951","targetHints":{"allow":["GET"]}}],"collection":[{"href":"https:\/\/www.europesays.com\/pt\/wp-json\/wp\/v2\/posts"}],"about":[{"href":"https:\/\/www.europesays.com\/pt\/wp-json\/wp\/v2\/types\/post"}],"author":[{"embeddable":true,"href":"https:\/\/www.europesays.com\/pt\/wp-json\/wp\/v2\/users\/2"}],"replies":[{"embeddable":true,"href":"https:\/\/www.europesays.com\/pt\/wp-json\/wp\/v2\/comments?post=49951"}],"version-history":[{"count":0,"href":"https:\/\/www.europesays.com\/pt\/wp-json\/wp\/v2\/posts\/49951\/revisions"}],"wp:featuredmedia":[{"embeddable":true,"href":"https:\/\/www.europesays.com\/pt\/wp-json\/wp\/v2\/media\/49952"}],"wp:attachment":[{"href":"https:\/\/www.europesays.com\/pt\/wp-json\/wp\/v2\/media?parent=49951"}],"wp:term":[{"taxonomy":"category","embeddable":true,"href":"https:\/\/www.europesays.com\/pt\/wp-json\/wp\/v2\/categories?post=49951"},{"taxonomy":"post_tag","embeddable":true,"href":"https:\/\/www.europesays.com\/pt\/wp-json\/wp\/v2\/tags?post=49951"}],"curies":[{"name":"wp","href":"https:\/\/api.w.org\/{rel}","templated":true}]}}