{"id":499597,"date":"2026-08-25T06:20:15","date_gmt":"2026-08-25T06:20:15","guid":{"rendered":"https:\/\/www.europesays.com\/pt\/499597\/"},"modified":"2026-08-25T06:20:15","modified_gmt":"2026-08-25T06:20:15","slug":"washington-quer-isolar-teerao-economicamente-e-ameaca-paises-que-nao-colaborem","status":"publish","type":"post","link":"https:\/\/www.europesays.com\/pt\/499597\/","title":{"rendered":"Washington quer isolar Teer\u00e3o economicamente e amea\u00e7a pa\u00edses que n\u00e3o colaborem"},"content":{"rendered":"<p>\n                <b>Em confer\u00eancia de imprensa, Bessent declarou a inten\u00e7\u00e3o de \u201ccortar todos os recursos econ\u00f3micos\u201d que \u201cmant\u00eam vivo o regime tir\u00e2nico iraniano\u201d e disse que o Ir\u00e3o tem apenas dois caminhos poss\u00edveis: \u201cisolamento total e uma economia de subsist\u00eancia, ou um regresso \u00e0 normalidade com a oportunidade de se reintegrar na economia global&#8221;.<\/b><\/p>\n<p>Para ajudar a esse \u201cisolamento\u201d, Bessent disse que o presidente norte-americano, Donald Trump, estava a ligar a todos os l\u00edderes mundiais para cortarem os la\u00e7os econ\u00f3micos com Teer\u00e3o.<\/p>\n<p>O secret\u00e1rio do Tesouro explicou que os pa\u00edses ter\u00e3o um &#8220;prazo determinado&#8221; para encerrar todas as atividades identificadas por autoridades americanas, incluindo o &#8220;encerramento das ag\u00eancias banc\u00e1rias iranianas no exterior&#8221;.<br \/>&#13;<br \/>\n<b><br \/>&#13;<br \/>\n\u201cSe n\u00e3o tomarem provid\u00eancias, agiremos unilateralmente por meio das autoridades do Tesouro\u201d, avisou, afirmando que as \u201centidades que facilitares a lavagem de dinheiro para o Ir\u00e3o ser\u00e3o removidas do sistema do d\u00f3lar americano\u201d<\/b>.<br \/>&#13;\n<\/p>\n<p>          <img decoding=\"async\" itemprop=\"image\" class=\"img-fluid\"   src=\"https:\/\/www.europesays.com\/pt\/wp-content\/uploads\/2026\/08\/8b6683647fe24bcd816fa5d5647f31f7_N.jpg\"\/><\/p>\n<p>Questionado sobre se a China tamb\u00e9m seria afetada por estas san\u00e7\u00f5es secund\u00e1rias, Bessent afirmou que <b>\u201cningu\u00e9m est\u00e1 acima do alcance das san\u00e7\u00f5es americanas\u201d<\/b>, acrescentando que os pa\u00edses que n\u00e3o alinharem com Washington &#8220;partilhar\u00e3o o isolamento do Ir\u00e3o&#8221;.<\/p>\n<p>No entanto, Bessent recusou atribuir prazos espec\u00edficos aos pa\u00edses para o corte das rela\u00e7\u00f5es econ\u00f3micas com Teer\u00e3o. \u201cN\u00e3o vou estabelecer prazos, mas n\u00e3o temos paci\u00eancia infinita\u201d, avisou. <br \/>&#13;<br \/>\nSan\u00e7\u00f5es abrangem cinco setores iranianos<b><br \/>&#13;<br \/>\nO secret\u00e1rio do Tesouro tinha prometido uma confer\u00eancia de imprensa para detalhar as san\u00e7\u00f5es a aplicar ao Ir\u00e3o, depois de ter anunciado que um \u201cDia D econ\u00f3mico\u201d estava a chegar.<\/b><\/p>\n<p>No entanto, o an\u00fancio de hoje foi de mais amea\u00e7as do que medidas concretas. <\/p>\n<p><b>&#8220;Estamos a dar a todos a oportunidade de corrigir comportamentos inadequados&#8221;, explicou Bessent aos jornalistas. &#8220;Por que haveria de querer destruir o sistema financeiro global?&#8221;, questionou.<\/b><\/p>\n<p>O Departamento do Tesouro dos EUA diz ter mapeado as redes, os facilitadores e os canais financeiros que o Ir\u00e3o usa para contrabandear petr\u00f3leo e evitar as san\u00e7\u00f5es e anunciou que Washington trabalhar\u00e1 com parceiros americanos para atingir qualquer fonte de receita il\u00edcita do Ir\u00e3o. As novas san\u00e7\u00f5es norte-americanas contra o Ir\u00e3o abrangem cinco setores: ativos digitais, tecnologia, ouro, avia\u00e7\u00e3o e transporte mar\u00edtimo. <\/p>\n<p><b>O Departamento do Tesouro imp\u00f4s ainda san\u00e7\u00f5es a quase 60 entidades, indiv\u00edduos e embarca\u00e7\u00f5es e Bessent avan\u00e7ou que uma \u201cgrande institui\u00e7\u00e3o financeira\u201d ser\u00e1 sancionada \u201cat\u00e9 ao final desta semana por causa do Ir\u00e3o\u201d.<\/b><br \/>&#13;\n<\/p>\n<p>&#13;<br \/>\nIr\u00e3o prev\u00ea &#8220;mais uma derrota&#8221; para os EUA<b><br \/>&#13;<br \/>\nO ministro iraniano da Economia prometeu &#8220;uma nova derrota&#8221; para os Estados Unidos, garantindo ter um &#8220;plano de dois anos&#8221; para lidar com a situa\u00e7\u00e3o.\u00a0<\/b>&#13;\n<\/p>\n<p>Os Estados Unidos &#8220;fizeram de tudo para testar a determina\u00e7\u00e3o do povo iraniano e dos respons\u00e1veis do pa\u00eds, mas falharam sempre. Parece que queriam sofrer uma nova derrota&#8221;, afirmou o ministro, Ali Madanizadeh, na televis\u00e3o estatal.<\/p>\n<p><b>&#8220;O governo estava preparado e tem um plano de dois anos para gerir estes eventos&#8221;, acrescentou.<\/b>&#13;\n<\/p>\n<p>A porta-voz do Governo iraniano, Fatemeh Mohajerani, tamb\u00e9m reagiu \u00e0s novas san\u00e7\u00f5es norte-americanas. Apesar de admitir \u201cdificuldades econ\u00f3micas\u201d, acredita que o Governo e o presidente do Ir\u00e3o \u201cguiar\u00e3o o pa\u00eds\u201d nesta fase.<\/p>\n<p>\u201cO Governo e o presidente, com sabedoria e determina\u00e7\u00e3o, guiar\u00e3o o pa\u00eds tamb\u00e9m por esta fase\u201d, disse.<\/p>\n<p><b>\u201cN\u00e3o negamos as dificuldades econ\u00f3micas, mas com bom senso e preservando a unidade, como no passado, superaremos este intenso desafio\u201d, acrescentou.<\/b>&#13;\n<\/p>\n<p>A nova ofensiva econ\u00f3mica contra o Ir\u00e3o foi anunciada por Donald Trump na passada quarta-feira, classificando-a como a &#8220;opera\u00e7\u00e3o econ\u00f3mica mais devastadora alguma vez empreendida contra qualquer pa\u00eds&#8221;.<\/p>\n<p>A China, parceira econ\u00f3mica estrat\u00e9gica do Ir\u00e3o, criticou a iniciativa, argumentando que as &#8220;san\u00e7\u00f5es e a press\u00e3o&#8221; americanas n\u00e3o resolver\u00e3o o conflito no M\u00e9dio Oriente.<\/p>\n<p>Teer\u00e3o, por sua vez, alertou que v\u00e3o existir &#8220;consequ\u00eancias&#8221; para os pa\u00edses que aderirem \u00e0 campanha de press\u00e3o econ\u00f3mica americana, considerando essas medidas uma &#8220;admiss\u00e3o de derrota&#8221; por parte de Washington.&#13;\n            <\/p>\n","protected":false},"excerpt":{"rendered":"Em confer\u00eancia de imprensa, Bessent declarou a inten\u00e7\u00e3o de \u201ccortar todos os recursos econ\u00f3micos\u201d que \u201cmant\u00eam vivo o&hellip;\n","protected":false},"author":2,"featured_media":499598,"comment_status":"","ping_status":"","sticky":false,"template":"","format":"standard","meta":{"footnotes":"","_share_on_mastodon":"0"},"categories":[50],"tags":[27,28,413,15,16,14,5453,25,26,21,22,62,12,13,19,20,23,24,3193,80094,17,18,29,30,31,63,64,65],"class_list":["post-499597","post","type-post","status-publish","format-standard","has-post-thumbnail","category-mundo","tag-breaking-news","tag-breakingnews","tag-eua","tag-featured-news","tag-featurednews","tag-headlines","tag-irao","tag-latest-news","tag-latestnews","tag-main-news","tag-mainnews","tag-mundo","tag-news","tag-noticias","tag-noticias-principais","tag-noticiasprincipais","tag-principais-noticias","tag-principaisnoticias","tag-sancoes","tag-tesouro","tag-top-stories","tag-topstories","tag-ultimas","tag-ultimas-noticias","tag-ultimasnoticias","tag-world","tag-world-news","tag-worldnews"],"share_on_mastodon":{"url":"https:\/\/pubeurope.com\/@pt\/117154705289511674","error":""},"_links":{"self":[{"href":"https:\/\/www.europesays.com\/pt\/wp-json\/wp\/v2\/posts\/499597","targetHints":{"allow":["GET"]}}],"collection":[{"href":"https:\/\/www.europesays.com\/pt\/wp-json\/wp\/v2\/posts"}],"about":[{"href":"https:\/\/www.europesays.com\/pt\/wp-json\/wp\/v2\/types\/post"}],"author":[{"embeddable":true,"href":"https:\/\/www.europesays.com\/pt\/wp-json\/wp\/v2\/users\/2"}],"replies":[{"embeddable":true,"href":"https:\/\/www.europesays.com\/pt\/wp-json\/wp\/v2\/comments?post=499597"}],"version-history":[{"count":0,"href":"https:\/\/www.europesays.com\/pt\/wp-json\/wp\/v2\/posts\/499597\/revisions"}],"wp:featuredmedia":[{"embeddable":true,"href":"https:\/\/www.europesays.com\/pt\/wp-json\/wp\/v2\/media\/499598"}],"wp:attachment":[{"href":"https:\/\/www.europesays.com\/pt\/wp-json\/wp\/v2\/media?parent=499597"}],"wp:term":[{"taxonomy":"category","embeddable":true,"href":"https:\/\/www.europesays.com\/pt\/wp-json\/wp\/v2\/categories?post=499597"},{"taxonomy":"post_tag","embeddable":true,"href":"https:\/\/www.europesays.com\/pt\/wp-json\/wp\/v2\/tags?post=499597"}],"curies":[{"name":"wp","href":"https:\/\/api.w.org\/{rel}","templated":true}]}}