{"id":499635,"date":"2026-08-25T07:47:16","date_gmt":"2026-08-25T07:47:16","guid":{"rendered":"https:\/\/www.europesays.com\/pt\/499635\/"},"modified":"2026-08-25T07:47:16","modified_gmt":"2026-08-25T07:47:16","slug":"granizo-e-tempestade-cancelam-etapa-da-vuelta-nos-pireneus-sem-vencedor-e-sem-tempos-oficiais","status":"publish","type":"post","link":"https:\/\/www.europesays.com\/pt\/499635\/","title":{"rendered":"Granizo e tempestade cancelam etapa da Vuelta nos Piren\u00e9us: sem vencedor e sem tempos oficiais"},"content":{"rendered":"<p>A terceira etapa da Volta a Espanha terminou esta segunda-feira, 24 de agosto, sem vencedor. A organiza\u00e7\u00e3o decidiu cancelar a tirada de 174 quil\u00f3metros entre Gruissan-Aude e Font-Romeu, nos Piren\u00e9us franceses, depois de uma forte tempestade de chuva, granizo e trovoada ter tornado imposs\u00edvel garantir condi\u00e7\u00f5es de seguran\u00e7a aos ciclistas.<\/p>\n<p>A corrida foi interrompida quando faltavam cerca de 15 quil\u00f3metros para a meta, numa altura em que o pelot\u00e3o enfrentava a subida para o Col de Mont-Louis. Em poucos minutos, a estrada ficou coberta de \u00e1gua e granizo e os corredores come\u00e7aram a procurar locais onde pudessem proteger-se das condi\u00e7\u00f5es meteorol\u00f3gicas extremas. Perante a impossibilidade de prosseguir em seguran\u00e7a, a organiza\u00e7\u00e3o acabou por cancelar definitivamente a etapa.<\/p>\n<p><strong>Mats Wenzel (Kern Pharma) e Lorenzo Fortunato (XDS Astana) estavam na frente da corrida no momento da interrup\u00e7\u00e3o, com cerca de 25 segundos de vantagem sobre os perseguidores<\/strong>, mas o esfor\u00e7o acabou por n\u00e3o produzir qualquer resultado oficial. N\u00e3o houve vencedor, n\u00e3o foram atribu\u00eddos tempos e a jornada n\u00e3o provocou altera\u00e7\u00f5es na classifica\u00e7\u00e3o geral.<\/p>\n<p>A decis\u00e3o deixou tamb\u00e9m sem efeito aquele que deveria ser o primeiro grande teste de montanha desta edi\u00e7\u00e3o da Vuelta. A UAE Team Emirates-XRG vinha a controlar o ritmo do pelot\u00e3o para defender a lideran\u00e7a de Tadej Pogacar, numa etapa em que as dificuldades do percurso prometiam proporcionar o primeiro confronto mais s\u00e9rio entre os candidatos \u00e0 vit\u00f3ria final.<\/p>\n<p>Antes da tempestade, o vento j\u00e1 tinha provocado momentos de tens\u00e3o. A UAE aumentou o ritmo numa zona exposta e conseguiu fracionar temporariamente o pelot\u00e3o.\u00a0<strong>Jo\u00e3o Almeida chegou a ficar num grupo atrasado depois de ter ido buscar abastecimento ao carro da equipa, mas o portugu\u00eas conseguiu regressar ao grupo principal antes de a corrida entrar na fase decisiva.<\/strong><\/p>\n<p>A chegada a Font-Romeu acabou, por\u00e9m, por nunca acontecer. Com a anula\u00e7\u00e3o da etapa,\u00a0<strong>Tadej Pogacar mant\u00e9m a camisola vermelha e os nove segundos de vantagem sobre Wout van Aert<\/strong>, enquanto Matthew Brennan continua a dez segundos do esloveno.<\/p>\n<p>A Vuelta entra esta ter\u00e7a-feira em Andorra para uma jornada curta, mas particularmente exigente.\u00a0<strong>A quarta etapa ter\u00e1 104,8 quil\u00f3metros, com partida e chegada em Andorra la Vella, e inclui tr\u00eas contagens de montanha de primeira categoria<\/strong>, num percurso com quase tr\u00eas mil metros de desn\u00edvel acumulado.<\/p>\n<p>Depois de o granizo ter impedido o primeiro duelo nas montanhas, ser\u00e1 assim em Andorra que Pogacar, Jo\u00e3o Almeida e os restantes candidatos \u00e0 classifica\u00e7\u00e3o geral ter\u00e3o nova oportunidade para medir for\u00e7as numa das primeiras etapas decisivas da 81.\u00aa edi\u00e7\u00e3o da Volta a Espanha.<\/p>\n","protected":false},"excerpt":{"rendered":"A terceira etapa da Volta a Espanha terminou esta segunda-feira, 24 de agosto, sem vencedor. A organiza\u00e7\u00e3o decidiu&hellip;\n","protected":false},"author":2,"featured_media":499636,"comment_status":"","ping_status":"","sticky":false,"template":"","format":"standard","meta":{"footnotes":"","_share_on_mastodon":"0"},"categories":[87],"tags":[1342,135,32,33,134,11279,14254],"class_list":["post-499635","post","type-post","status-publish","format-standard","has-post-thumbnail","category-desporto","tag-ciclismo","tag-desporto","tag-portugal","tag-pt","tag-sports","tag-volta-a-espanha","tag-vuelta"],"share_on_mastodon":{"url":"https:\/\/pubeurope.com\/@pt\/117155046526291713","error":""},"_links":{"self":[{"href":"https:\/\/www.europesays.com\/pt\/wp-json\/wp\/v2\/posts\/499635","targetHints":{"allow":["GET"]}}],"collection":[{"href":"https:\/\/www.europesays.com\/pt\/wp-json\/wp\/v2\/posts"}],"about":[{"href":"https:\/\/www.europesays.com\/pt\/wp-json\/wp\/v2\/types\/post"}],"author":[{"embeddable":true,"href":"https:\/\/www.europesays.com\/pt\/wp-json\/wp\/v2\/users\/2"}],"replies":[{"embeddable":true,"href":"https:\/\/www.europesays.com\/pt\/wp-json\/wp\/v2\/comments?post=499635"}],"version-history":[{"count":0,"href":"https:\/\/www.europesays.com\/pt\/wp-json\/wp\/v2\/posts\/499635\/revisions"}],"wp:featuredmedia":[{"embeddable":true,"href":"https:\/\/www.europesays.com\/pt\/wp-json\/wp\/v2\/media\/499636"}],"wp:attachment":[{"href":"https:\/\/www.europesays.com\/pt\/wp-json\/wp\/v2\/media?parent=499635"}],"wp:term":[{"taxonomy":"category","embeddable":true,"href":"https:\/\/www.europesays.com\/pt\/wp-json\/wp\/v2\/categories?post=499635"},{"taxonomy":"post_tag","embeddable":true,"href":"https:\/\/www.europesays.com\/pt\/wp-json\/wp\/v2\/tags?post=499635"}],"curies":[{"name":"wp","href":"https:\/\/api.w.org\/{rel}","templated":true}]}}