{"id":49969,"date":"2025-08-29T11:23:10","date_gmt":"2025-08-29T11:23:10","guid":{"rendered":"https:\/\/www.europesays.com\/pt\/49969\/"},"modified":"2025-08-29T11:23:10","modified_gmt":"2025-08-29T11:23:10","slug":"catia-fonseca-se-acidenta-apresentadora-esta-fora","status":"publish","type":"post","link":"https:\/\/www.europesays.com\/pt\/49969\/","title":{"rendered":"C\u00e1tia Fonseca se acidenta. Apresentadora est\u00e1 fora?"},"content":{"rendered":"<p class=\"bullet mt-0\" data-v-232111b4=\"\">No entanto, com receio da elimina\u00e7\u00e3o, ela, ainda assim, manteve a rotina de treinos.<\/p>\n<p class=\"bullet\" data-v-232111b4=\"\">Procurada para comentar o assunto, a assessoria de C\u00e1tia Fonseca n\u00e3o retornou at\u00e9 a publica\u00e7\u00e3o da reportagem. Tamb\u00e9m procurada, a Globo negou a informa\u00e7\u00e3o sobre a les\u00e3o de C\u00e1tia Fonseca. A emissora reafirma, conforme relatado nesta reportagem, que a apresentadora ir\u00e1 dan\u00e7ar no pr\u00f3ximo programa, exibido no domingo.<\/p>\n<p class=\"bullet\" data-v-232111b4=\"\">C\u00e1tia gravou sua participa\u00e7\u00e3o na fase de repescagem ontem, e, dan\u00e7ando o ritmo &#8220;rock retr\u00f4&#8221;, montou um &#8220;plano B&#8221; com seu professor, mudando as \u00faltimas partes da coreografia, incluindo o giro final, por conta da les\u00e3o. Mesmo assim, foi eliminada.<\/p>\n<p class=\"bullet\" data-v-232111b4=\"\">Al\u00e9m da apresentadora, que fazia parte do grupo C, foram para a repescagem: Allan Souza Lima, Catia Fonseca, Richarlyson e Manu Bahtid\u00e3o, que faziam parte do mesmo grupo, e Nicole Bahls, David Junior, Fernanda Paes Leme e Luan Pereira, do grupo B.<\/p>\n<p class=\"bullet\" data-v-232111b4=\"\"><strong>Os oito famosos v\u00e3o dan\u00e7ar, pela primeira vez, em duplas, dando fim \u00e0 etapa em grupo.<\/strong> As duas duplas que tiverem os menores desempenhos ser\u00e3o eliminadas.<\/p>\n<p>&#8216;Sei que dan\u00e7o mal&#8217;<\/p>\n<p class=\"bullet\" data-v-232111b4=\"\">Em conversa recente com <strong>Splash<\/strong>, C\u00e1tia Fonseca, antes da \u00faltima apresenta\u00e7\u00e3o na fase de grupos, contou que aceitou o convite para se desafiar e estava ciente da exposi\u00e7\u00e3o \u2014 incluindo poss\u00edveis cr\u00edticas. Ao receber o telefonema de Luciano Huck, n\u00e3o pensou duas vezes. &#8220;Queria fazer outras coisas. Nunca tinha me jogado de cabe\u00e7a assim, em nada.&#8221;<\/p>\n","protected":false},"excerpt":{"rendered":"No entanto, com receio da elimina\u00e7\u00e3o, ela, ainda assim, manteve a rotina de treinos. Procurada para comentar o&hellip;\n","protected":false},"author":2,"featured_media":49970,"comment_status":"","ping_status":"","sticky":false,"template":"","format":"standard","meta":{"footnotes":""},"categories":[145],"tags":[211,210,114,115,32,33],"class_list":{"0":"post-49969","1":"post","2":"type-post","3":"status-publish","4":"format-standard","5":"has-post-thumbnail","7":"category-celebridades","8":"tag-celebridades","9":"tag-celebrities","10":"tag-entertainment","11":"tag-entretenimento","12":"tag-portugal","13":"tag-pt"},"share_on_mastodon":{"url":"","error":""},"_links":{"self":[{"href":"https:\/\/www.europesays.com\/pt\/wp-json\/wp\/v2\/posts\/49969","targetHints":{"allow":["GET"]}}],"collection":[{"href":"https:\/\/www.europesays.com\/pt\/wp-json\/wp\/v2\/posts"}],"about":[{"href":"https:\/\/www.europesays.com\/pt\/wp-json\/wp\/v2\/types\/post"}],"author":[{"embeddable":true,"href":"https:\/\/www.europesays.com\/pt\/wp-json\/wp\/v2\/users\/2"}],"replies":[{"embeddable":true,"href":"https:\/\/www.europesays.com\/pt\/wp-json\/wp\/v2\/comments?post=49969"}],"version-history":[{"count":0,"href":"https:\/\/www.europesays.com\/pt\/wp-json\/wp\/v2\/posts\/49969\/revisions"}],"wp:featuredmedia":[{"embeddable":true,"href":"https:\/\/www.europesays.com\/pt\/wp-json\/wp\/v2\/media\/49970"}],"wp:attachment":[{"href":"https:\/\/www.europesays.com\/pt\/wp-json\/wp\/v2\/media?parent=49969"}],"wp:term":[{"taxonomy":"category","embeddable":true,"href":"https:\/\/www.europesays.com\/pt\/wp-json\/wp\/v2\/categories?post=49969"},{"taxonomy":"post_tag","embeddable":true,"href":"https:\/\/www.europesays.com\/pt\/wp-json\/wp\/v2\/tags?post=49969"}],"curies":[{"name":"wp","href":"https:\/\/api.w.org\/{rel}","templated":true}]}}