{"id":49971,"date":"2025-08-29T11:24:09","date_gmt":"2025-08-29T11:24:09","guid":{"rendered":"https:\/\/www.europesays.com\/pt\/49971\/"},"modified":"2025-08-29T11:24:09","modified_gmt":"2025-08-29T11:24:09","slug":"lopes-lar-reune-arquitetas-em-experiencia-harmonizacao-de-texturas","status":"publish","type":"post","link":"https:\/\/www.europesays.com\/pt\/49971\/","title":{"rendered":"Lopes Lar re\u00fane arquitetas em experi\u00eancia \u201cHarmoniza\u00e7\u00e3o de Texturas\u201d"},"content":{"rendered":"<p>A Lopes Lar Acabamentos, em parceria com a marca Villagres, promoveu na noite desta quinta-feira (21) o evento \u201cHarmoniza\u00e7\u00e3o de Texturas\u201d, em Itabira. A proposta foi unir arquitetura e gastronomia em um jantar intimista que contou com a presen\u00e7a de sete arquitetas que atuam na cidade.<\/p>\n<p>A loja carrega mais de tr\u00eas d\u00e9cadas de tradi\u00e7\u00e3o no mercado itabirano e, ao longo desse tempo, consolidou-se como refer\u00eancia na \u00e1rea de constru\u00e7\u00e3o e design de interiores. Ap\u00f3s 38 anos de hist\u00f3ria, a empresa entrou em uma nova fase sob a administra\u00e7\u00e3o dos s\u00f3cios Karinne Souza, Alberto Teixeira e Carlos El\u00eddio, que assumiram, h\u00e1 um ano, a miss\u00e3o de preservar o legado constru\u00eddo enquanto abrem espa\u00e7o para inova\u00e7\u00e3o.\u00a0<\/p>\n<p>Segundo Karine Souza, a ideia do evento foi aproximar profissionais parceiros e apresentar novidades do setor em um formato diferente. <b>\u201cPensamos em um encontro que combinasse texturas e sabores, mostrando lan\u00e7amentos da Villagres e criando uma experi\u00eancia de troca e conviv\u00eancia com os arquitetos que est\u00e3o sempre presentes em nossa loja\u201d<\/b>, explicou.<\/p>\n<p><img loading=\"lazy\" decoding=\"async\" class=\"wp-image-554278\" src=\"https:\/\/www.europesays.com\/pt\/wp-content\/uploads\/2025\/08\/Imagem-do-Lopes-Lar-reune-arquitetas-em-experiencia-Harmonizacao-de-Texturas-700x511.jpg\" alt=\"Lopes Lar re\u00fane arquitetas em experi\u00eancia \u201cHarmoniza\u00e7\u00e3o de Texturas\u201d\" width=\"540\" height=\"394\"  \/>Foto: Ramon Agostinho\/DeFato Online<\/p>\n<p>Durante a noite, os convidados participaram de conversas sobre tend\u00eancias em revestimentos, explorando materiais e composi\u00e7\u00f5es exibidos em pain\u00e9is preparados para o encontro. A representante da Villagres, Juliana Queiros, destacou que o objetivo \u00e9 proporcionar viv\u00eancias. <b>\u201cA inten\u00e7\u00e3o foi trazer os arquitetos para uma experi\u00eancia sensorial, unindo as texturas dos produtos a sabores e momentos de conviv\u00eancia. \u00c9 uma forma de traduzir o estilo de vida que eles levam para os clientes nos projetos\u201d<\/b>.<\/p>\n<p>Para as arquitetas convidadas, o evento tamb\u00e9m foi uma oportunidade de refor\u00e7ar parcerias e conhecer as novidades em primeira m\u00e3o. Junia Kelles lembrou da rela\u00e7\u00e3o antiga com a loja: <b>\u201cDesde a \u00e9poca da faculdade j\u00e1 frequentava a Lopes Lar e sempre encontrei lan\u00e7amentos antes de chegarem a outras lojas. Esse contato direto com as novidades \u00e9 muito importante para os nossos trabalhos\u201d<\/b>.<\/p>\n<p><img loading=\"lazy\" decoding=\"async\" class=\"wp-image-554279\" src=\"https:\/\/www.europesays.com\/pt\/wp-content\/uploads\/2025\/08\/Lopes-Lar-reune-arquitetas-em-experiencia-Harmonizacao-de-Texturas-1-700x466.jpg\" alt=\"Lopes Lar re\u00fane arquitetas em experi\u00eancia \u201cHarmoniza\u00e7\u00e3o de Texturas\u201d\" width=\"534\" height=\"356\"  \/>Foto: Ramon Agostinho\/DeFato Online<\/p>\n<p>J\u00e1 Jayssa Andrade, do escrit\u00f3rio Puzzle Arquitetura, ressaltou a import\u00e2ncia da parceria: <b>\u201cA gente sabe que pode contar com a Lopes Lar. Os lan\u00e7amentos da Villagres fazem diferen\u00e7a nos projetos e esse evento mostra essa conex\u00e3o de forma criativa\u201d<\/b>.<\/p>\n<p>O jantar, realizado em clima descontra\u00eddo, valoriza o papel dos arquitetos na defini\u00e7\u00e3o de tend\u00eancias de design e constru\u00e7\u00e3o em Itabira. Karinne Souza convida mais pessoas a conhecerem a loja: <b>\u201cHoje a gente est\u00e1 fazendo um evento mais intimista, mas a loja est\u00e1 de portas abertas para que todos venham conhecer a marca e participar disso junto com a gente\u201d<\/b>, refor\u00e7ou.<\/p>\n<p>Confira as novidades no Instagram <a href=\"https:\/\/www.instagram.com\/lopeslar?utm_source=ig_web_button_share_sheet&amp;igsh=ZDNlZDc0MzIxNw==\" target=\"_blank\" rel=\"noopener nofollow\"><strong>@lopeslar<\/strong><\/a>.<\/p>\n<p>\t\t\t\t\t\t\t\t\t\t\t\t\t<script async src=\"\/\/www.instagram.com\/embed.js\"><\/script><\/p>\n","protected":false},"excerpt":{"rendered":"A Lopes Lar Acabamentos, em parceria com a marca Villagres, promoveu na noite desta quinta-feira (21) o evento&hellip;\n","protected":false},"author":2,"featured_media":49972,"comment_status":"","ping_status":"","sticky":false,"template":"","format":"standard","meta":{"footnotes":""},"categories":[144],"tags":[207,205,206,203,201,202,204,114,115,32,33],"class_list":{"0":"post-49971","1":"post","2":"type-post","3":"status-publish","4":"format-standard","5":"has-post-thumbnail","7":"category-arte-e-design","8":"tag-arte","9":"tag-arte-e-design","10":"tag-artedesign","11":"tag-arts","12":"tag-arts-and-design","13":"tag-artsanddesign","14":"tag-design","15":"tag-entertainment","16":"tag-entretenimento","17":"tag-portugal","18":"tag-pt"},"share_on_mastodon":{"url":"","error":""},"_links":{"self":[{"href":"https:\/\/www.europesays.com\/pt\/wp-json\/wp\/v2\/posts\/49971","targetHints":{"allow":["GET"]}}],"collection":[{"href":"https:\/\/www.europesays.com\/pt\/wp-json\/wp\/v2\/posts"}],"about":[{"href":"https:\/\/www.europesays.com\/pt\/wp-json\/wp\/v2\/types\/post"}],"author":[{"embeddable":true,"href":"https:\/\/www.europesays.com\/pt\/wp-json\/wp\/v2\/users\/2"}],"replies":[{"embeddable":true,"href":"https:\/\/www.europesays.com\/pt\/wp-json\/wp\/v2\/comments?post=49971"}],"version-history":[{"count":0,"href":"https:\/\/www.europesays.com\/pt\/wp-json\/wp\/v2\/posts\/49971\/revisions"}],"wp:featuredmedia":[{"embeddable":true,"href":"https:\/\/www.europesays.com\/pt\/wp-json\/wp\/v2\/media\/49972"}],"wp:attachment":[{"href":"https:\/\/www.europesays.com\/pt\/wp-json\/wp\/v2\/media?parent=49971"}],"wp:term":[{"taxonomy":"category","embeddable":true,"href":"https:\/\/www.europesays.com\/pt\/wp-json\/wp\/v2\/categories?post=49971"},{"taxonomy":"post_tag","embeddable":true,"href":"https:\/\/www.europesays.com\/pt\/wp-json\/wp\/v2\/tags?post=49971"}],"curies":[{"name":"wp","href":"https:\/\/api.w.org\/{rel}","templated":true}]}}