{"id":499819,"date":"2026-08-25T11:27:17","date_gmt":"2026-08-25T11:27:17","guid":{"rendered":"https:\/\/www.europesays.com\/pt\/499819\/"},"modified":"2026-08-25T11:27:17","modified_gmt":"2026-08-25T11:27:17","slug":"costa-acusa-russia-de-desespero-e-diz-que-os-patriots-ainda-nao-estao-garantidos","status":"publish","type":"post","link":"https:\/\/www.europesays.com\/pt\/499819\/","title":{"rendered":"Costa acusa R\u00fassia de &#8220;desespero&#8221; e diz que os Patriots &#8220;ainda n\u00e3o est\u00e3o garantidos&#8221;"},"content":{"rendered":"<p>Os pa\u00edses da coliga\u00e7\u00e3o reafirmaram igualmente disponibilidade para contribuir para uma for\u00e7a multinacional a ser mobilizada em solo ucraniano assim que um acordo de paz for alcan\u00e7ado com Moscovo, para dissuadir a R\u00fassia de novas agress\u00f5es militares.<\/p>\n<p>A reuni\u00e3o foi realizada no dia em que a Ucr\u00e2nia assinala o 35.\u00ba anivers\u00e1rio da sua independ\u00eancia e separa\u00e7\u00e3o do antigo bloco sovi\u00e9tico, numa fase em que a R\u00fassia tem vindo a intensificar os seus ataques a\u00e9reos, explorando a escassez de recursos antia\u00e9reos de Kiev. Em julho, a R\u00fassia lan\u00e7ou um n\u00famero recorde de m\u00edsseis bal\u00edsticos, em concreto contra Kiev.<\/p>\n<p>No final do encontro, o Presidente ucraniano, Volodymyr Zelensky, confirmou que os representantes de cerca de 30 pa\u00edses se comprometeram com o envio de novos pacotes de defesa a\u00e9rea e apoio ao sistema energ\u00e9tico, bem como financiamento adicional para a produ\u00e7\u00e3o de drones.<\/p>\n<p>Segundo o l\u00edder ucraniano, Kiev precisa de pelo menos 300 m\u00edsseis intercetores para os sistemas norte-americanos Patriot, para se defender com efic\u00e1cia no pr\u00f3ximo inverno.<\/p>\n<p>A defesa a\u00e9rea continua a ser &#8220;a prioridade&#8221;, insistiu Zelensky a prop\u00f3sito da reuni\u00e3o desta segunda-feira, ap\u00f3s ter pedido aos seus aliados que fornecessem &#8220;tudo o que a Ucr\u00e2nia precisa para travar esta guerra&#8221; antes que o Presidente russo, Vladimir Putin, tenha tempo &#8220;de come\u00e7ar outra&#8221;.<\/p>\n<p>Como resposta a este apelo, o primeiro-ministro brit\u00e2nico anunciou que a empresa de defesa MBDA vai partilhar os elementos necess\u00e1rios para que Kiev possa fabricar os seus pr\u00f3prios m\u00edsseis de longo alcance Storm Shadow, sistemas que Londres j\u00e1 fornece \u00e0s for\u00e7as ucranianas, instando a Fran\u00e7a a juntar-se a esta iniciativa.<\/p>\n<p>Os sistemas Storm Shadow s\u00e3o m\u00edsseis de cruzeiro, produto da coopera\u00e7\u00e3o entre as ind\u00fastrias de defesa brit\u00e2nica e francesa, e conhecidos como SCALP em Fran\u00e7a.<\/p>\n<p>Num discurso proferido ao lado de Zelensky, Andy Burnham insurgiu-se contra as &#8220;amea\u00e7as ultrajantes&#8221; de Moscovo contra o seu pa\u00eds e defendeu que a Ucr\u00e2nia \u00e9 \u201ca linha da frente que protege a Europa&#8221;, comparando a resist\u00eancia \u00e0 R\u00fassia \u00e0 luta contra a Alemanha nazi.<\/p>\n<p>O an\u00fancio do fornecimento de tecnologia dos Storm Shadow provocou indigna\u00e7\u00e3o no Kremlin (presid\u00eancia russa), que acusou Londres de obstruir a paz e avisou que os militares russos v\u00e3o identificar os locais de produ\u00e7\u00e3o destes m\u00edsseis e destru\u00ed-los.<\/p>\n<p>Durante a reuni\u00e3o, o Presidente franc\u00eas advertiu, pelo seu lado, que &#8220;a R\u00fassia tentar\u00e1 aumentar as tens\u00f5es contra os pa\u00edses europeus para os dissuadir de ajudar a Ucr\u00e2nia&#8221;, prevendo um aumento de provoca\u00e7\u00f5es.<\/p>\n<p>&#8220;\u00c9 claro que os pa\u00edses da NATO ser\u00e3o alvos e que as provoca\u00e7\u00f5es se multiplicar\u00e3o&#8221;, disse Emmanuel Macron, exortando os seus parceiros a &#8220;manterem a calma e a seguirem com a vida normalmente&#8221;, depois de Paris ter anunciado no s\u00e1bado o envio de mais intercetores para o ex\u00e9rcito ucraniano.<\/p>\n<p>Entre os \u00faltimos an\u00fancios de apoio a Kiev, a Uni\u00e3o Europeia vai libertar uma nova parcela de 6,1 mil milh\u00f5es de euros de ajuda para refor\u00e7ar defesas a\u00e9reas e fornecimento de m\u00edsseis e outras muni\u00e7\u00f5es.<\/p>\n","protected":false},"excerpt":{"rendered":"Os pa\u00edses da coliga\u00e7\u00e3o reafirmaram igualmente disponibilidade para contribuir para uma for\u00e7a multinacional a ser mobilizada em solo&hellip;\n","protected":false},"author":2,"featured_media":499820,"comment_status":"","ping_status":"","sticky":false,"template":"","format":"standard","meta":{"footnotes":"","_share_on_mastodon":"0"},"categories":[8],"tags":[80133,6953,80131,27,28,80129,38986,15,16,37723,14,80130,4167,25,26,21,22,71449,12,13,19,20,80132,32,23,24,33,839,54862,65650,17,18,840,29,30,31,2416],"class_list":["post-499819","post","type-post","status-publish","format-standard","has-post-thumbnail","category-principais-noticias","tag-ajuda-militar","tag-antonio-costa","tag-apoio-europeu","tag-breaking-news","tag-breakingnews","tag-coligacao-boa-vontade","tag-defesa-aerea","tag-featured-news","tag-featurednews","tag-frota-fantasma","tag-headlines","tag-independencia-ucraniana","tag-kiev","tag-latest-news","tag-latestnews","tag-main-news","tag-mainnews","tag-misseis-patriot","tag-news","tag-noticias","tag-noticias-principais","tag-noticiasprincipais","tag-patriot-intercetores","tag-portugal","tag-principais-noticias","tag-principaisnoticias","tag-pt","tag-russia","tag-sancoes-russia","tag-storm-shadow","tag-top-stories","tag-topstories","tag-ucrania","tag-ultimas","tag-ultimas-noticias","tag-ultimasnoticias","tag-volodymyr-zelensky"],"share_on_mastodon":{"url":"","error":"Validation failed: Text character limit of 500 exceeded"},"_links":{"self":[{"href":"https:\/\/www.europesays.com\/pt\/wp-json\/wp\/v2\/posts\/499819","targetHints":{"allow":["GET"]}}],"collection":[{"href":"https:\/\/www.europesays.com\/pt\/wp-json\/wp\/v2\/posts"}],"about":[{"href":"https:\/\/www.europesays.com\/pt\/wp-json\/wp\/v2\/types\/post"}],"author":[{"embeddable":true,"href":"https:\/\/www.europesays.com\/pt\/wp-json\/wp\/v2\/users\/2"}],"replies":[{"embeddable":true,"href":"https:\/\/www.europesays.com\/pt\/wp-json\/wp\/v2\/comments?post=499819"}],"version-history":[{"count":0,"href":"https:\/\/www.europesays.com\/pt\/wp-json\/wp\/v2\/posts\/499819\/revisions"}],"wp:featuredmedia":[{"embeddable":true,"href":"https:\/\/www.europesays.com\/pt\/wp-json\/wp\/v2\/media\/499820"}],"wp:attachment":[{"href":"https:\/\/www.europesays.com\/pt\/wp-json\/wp\/v2\/media?parent=499819"}],"wp:term":[{"taxonomy":"category","embeddable":true,"href":"https:\/\/www.europesays.com\/pt\/wp-json\/wp\/v2\/categories?post=499819"},{"taxonomy":"post_tag","embeddable":true,"href":"https:\/\/www.europesays.com\/pt\/wp-json\/wp\/v2\/tags?post=499819"}],"curies":[{"name":"wp","href":"https:\/\/api.w.org\/{rel}","templated":true}]}}